{"id":1027,"date":"2018-06-13T10:34:23","date_gmt":"2018-06-13T09:34:23","guid":{"rendered":"http:\/\/www.zamek-frystat.cz\/?p=1027"},"modified":"2018-06-19T13:41:45","modified_gmt":"2018-06-19T12:41:45","slug":"leto-na-zamku-aneb-filosofska-historie-revolucni-rok-1848","status":"publish","type":"post","link":"https:\/\/www.zamek-frystat.cz\/index.php\/2018\/06\/13\/leto-na-zamku-aneb-filosofska-historie-revolucni-rok-1848\/","title":{"rendered":"L\u00c9TO NA Z\u00c1MKU aneb Filosofsk\u00e1 historie &#8211; revolu\u010dn\u00ed rok 1848"},"content":{"rendered":"<p>Dobrou volbou k uv\u00edt\u00e1n\u00ed pr\u00e1zdnin a doby dovolen\u00fdch je n\u00e1v\u0161t\u011bva z\u00e1mku Fry\u0161t\u00e1t v Karvin\u00e9, kde V\u00e1s nalad\u00edme do t\u00e9 spr\u00e1vn\u00e9 romantick\u00e9 pohody. V sobotu 30. \u010dervna zveme v\u0161echny na\u00a0prohl\u00eddky ve stylu biedermeieru.<\/p>\n<p>&nbsp;<\/p>\n<p>&nbsp;<\/p>\n<p><img loading=\"lazy\" decoding=\"async\" class=\"alignnone size-full wp-image-1033\" src=\"https:\/\/www.zamek-frystat.cz\/wp-content\/uploads\/2018\/06\/180619_A5_na-web_ZF_1strana.png\" alt=\"\" width=\"560\" height=\"794\" srcset=\"https:\/\/www.zamek-frystat.cz\/wp-content\/uploads\/2018\/06\/180619_A5_na-web_ZF_1strana.png 560w, https:\/\/www.zamek-frystat.cz\/wp-content\/uploads\/2018\/06\/180619_A5_na-web_ZF_1strana-212x300.png 212w\" sizes=\"auto, (max-width: 560px) 100vw, 560px\" \/> <img loading=\"lazy\" decoding=\"async\" class=\"alignnone size-large wp-image-1034\" src=\"https:\/\/www.zamek-frystat.cz\/wp-content\/uploads\/2018\/06\/180619_A5_na-web_ZF_2strana.png\" alt=\"\" width=\"560\" height=\"794\" srcset=\"https:\/\/www.zamek-frystat.cz\/wp-content\/uploads\/2018\/06\/180619_A5_na-web_ZF_2strana.png 560w, https:\/\/www.zamek-frystat.cz\/wp-content\/uploads\/2018\/06\/180619_A5_na-web_ZF_2strana-212x300.png 212w\" sizes=\"auto, (max-width: 560px) 100vw, 560px\" \/><\/p>\n<p>Ko\u010d\u00e1r: ka\u017ed\u00fdch 20 minut, 30 K\u010d\/osoba.<\/p>\n<p>Z\u00e1mek: co p\u016fl hodiny, 60 K\u010d\/osoba, slevy dle n\u00e1v\u0161t\u011bvn\u00edho \u0159\u00e1du.<\/p>\n","protected":false},"excerpt":{"rendered":"<p>Dobrou volbou k uv\u00edt\u00e1n\u00ed pr\u00e1zdnin a doby dovolen\u00fdch je n\u00e1v\u0161t\u011bva z\u00e1mku Fry\u0161t\u00e1t v Karvin\u00e9, kde V\u00e1s nalad\u00edme do t\u00e9 spr\u00e1vn\u00e9 romantick\u00e9 pohody. V sobotu 30. \u010dervna zveme v\u0161echny na\u00a0prohl\u00eddky ve stylu biedermeieru. &nbsp; &nbsp; Ko\u010d\u00e1r: ka\u017ed\u00fdch 20 minut, 30 K\u010d\/osoba. Z\u00e1mek: co p\u016fl hodiny, 60 K\u010d\/osoba, slevy dle n\u00e1v\u0161t\u011bvn\u00edho \u0159\u00e1du.<\/p>\n","protected":false},"author":2,"featured_media":0,"comment_status":"closed","ping_status":"closed","sticky":false,"template":"","format":"standard","meta":{"footnotes":""},"categories":[17],"tags":[],"class_list":["post-1027","post","type-post","status-publish","format-standard","hentry","category-nezarazene-en"],"_links":{"self":[{"href":"https:\/\/www.zamek-frystat.cz\/index.php\/wp-json\/wp\/v2\/posts\/1027","targetHints":{"allow":["GET"]}}],"collection":[{"href":"https:\/\/www.zamek-frystat.cz\/index.php\/wp-json\/wp\/v2\/posts"}],"about":[{"href":"https:\/\/www.zamek-frystat.cz\/index.php\/wp-json\/wp\/v2\/types\/post"}],"author":[{"embeddable":true,"href":"https:\/\/www.zamek-frystat.cz\/index.php\/wp-json\/wp\/v2\/users\/2"}],"replies":[{"embeddable":true,"href":"https:\/\/www.zamek-frystat.cz\/index.php\/wp-json\/wp\/v2\/comments?post=1027"}],"version-history":[{"count":3,"href":"https:\/\/www.zamek-frystat.cz\/index.php\/wp-json\/wp\/v2\/posts\/1027\/revisions"}],"predecessor-version":[{"id":1035,"href":"https:\/\/www.zamek-frystat.cz\/index.php\/wp-json\/wp\/v2\/posts\/1027\/revisions\/1035"}],"wp:attachment":[{"href":"https:\/\/www.zamek-frystat.cz\/index.php\/wp-json\/wp\/v2\/media?parent=1027"}],"wp:term":[{"taxonomy":"category","embeddable":true,"href":"https:\/\/www.zamek-frystat.cz\/index.php\/wp-json\/wp\/v2\/categories?post=1027"},{"taxonomy":"post_tag","embeddable":true,"href":"https:\/\/www.zamek-frystat.cz\/index.php\/wp-json\/wp\/v2\/tags?post=1027"}],"curies":[{"name":"wp","href":"https:\/\/api.w.org\/{rel}","templated":true}]}}