{"id":1310,"date":"2019-06-05T14:08:00","date_gmt":"2019-06-05T13:08:00","guid":{"rendered":"http:\/\/www.zamek-frystat.cz\/?p=1310"},"modified":"2019-06-05T14:08:00","modified_gmt":"2019-06-05T13:08:00","slug":"v-sobotu-8-6-je-zamek-pro-verejnost-uzavren","status":"publish","type":"post","link":"https:\/\/www.zamek-frystat.cz\/index.php\/2019\/06\/05\/v-sobotu-8-6-je-zamek-pro-verejnost-uzavren\/","title":{"rendered":"V SOBOTU 8. 6. JE Z\u00c1MEK PRO VE\u0158EJNOST UZAV\u0158EN"},"content":{"rendered":"<p>V\u0161echny okruhy z\u00e1mku jsou v sobotu z provozn\u00edch d\u016fvod\u016f uzav\u0159eny.<\/p>\n","protected":false},"excerpt":{"rendered":"<p>V\u0161echny okruhy z\u00e1mku jsou v sobotu z provozn\u00edch d\u016fvod\u016f uzav\u0159eny.<\/p>\n","protected":false},"author":2,"featured_media":0,"comment_status":"closed","ping_status":"closed","sticky":false,"template":"","format":"standard","meta":{"footnotes":""},"categories":[17],"tags":[],"class_list":["post-1310","post","type-post","status-publish","format-standard","hentry","category-nezarazene-en"],"_links":{"self":[{"href":"https:\/\/www.zamek-frystat.cz\/index.php\/wp-json\/wp\/v2\/posts\/1310","targetHints":{"allow":["GET"]}}],"collection":[{"href":"https:\/\/www.zamek-frystat.cz\/index.php\/wp-json\/wp\/v2\/posts"}],"about":[{"href":"https:\/\/www.zamek-frystat.cz\/index.php\/wp-json\/wp\/v2\/types\/post"}],"author":[{"embeddable":true,"href":"https:\/\/www.zamek-frystat.cz\/index.php\/wp-json\/wp\/v2\/users\/2"}],"replies":[{"embeddable":true,"href":"https:\/\/www.zamek-frystat.cz\/index.php\/wp-json\/wp\/v2\/comments?post=1310"}],"version-history":[{"count":1,"href":"https:\/\/www.zamek-frystat.cz\/index.php\/wp-json\/wp\/v2\/posts\/1310\/revisions"}],"predecessor-version":[{"id":1311,"href":"https:\/\/www.zamek-frystat.cz\/index.php\/wp-json\/wp\/v2\/posts\/1310\/revisions\/1311"}],"wp:attachment":[{"href":"https:\/\/www.zamek-frystat.cz\/index.php\/wp-json\/wp\/v2\/media?parent=1310"}],"wp:term":[{"taxonomy":"category","embeddable":true,"href":"https:\/\/www.zamek-frystat.cz\/index.php\/wp-json\/wp\/v2\/categories?post=1310"},{"taxonomy":"post_tag","embeddable":true,"href":"https:\/\/www.zamek-frystat.cz\/index.php\/wp-json\/wp\/v2\/tags?post=1310"}],"curies":[{"name":"wp","href":"https:\/\/api.w.org\/{rel}","templated":true}]}}