{"id":1545,"date":"2020-05-14T13:52:39","date_gmt":"2020-05-14T12:52:39","guid":{"rendered":"http:\/\/www.zamek-frystat.cz\/?p=1545"},"modified":"2020-05-20T12:14:22","modified_gmt":"2020-05-20T11:14:22","slug":"pokyny-pro-navstevniky","status":"publish","type":"post","link":"https:\/\/www.zamek-frystat.cz\/index.php\/2020\/05\/14\/pokyny-pro-navstevniky\/","title":{"rendered":"POKYNY PRO N\u00c1V\u0160T\u011aVN\u00cdKY"},"content":{"rendered":"<div class=\"entry-content content-page \">\n<p><img loading=\"lazy\" decoding=\"async\" class=\"size-large wp-image-1549 alignleft\" src=\"https:\/\/www.zamek-frystat.cz\/wp-content\/uploads\/2020\/05\/pokyny-ZF-Covid19_Str\u00e1nka_1-724x1024.jpg\" alt=\"\" width=\"724\" height=\"1024\" srcset=\"https:\/\/www.zamek-frystat.cz\/wp-content\/uploads\/2020\/05\/pokyny-ZF-Covid19_Str\u00e1nka_1-724x1024.jpg 724w, https:\/\/www.zamek-frystat.cz\/wp-content\/uploads\/2020\/05\/pokyny-ZF-Covid19_Str\u00e1nka_1-212x300.jpg 212w, https:\/\/www.zamek-frystat.cz\/wp-content\/uploads\/2020\/05\/pokyny-ZF-Covid19_Str\u00e1nka_1-768x1086.jpg 768w, https:\/\/www.zamek-frystat.cz\/wp-content\/uploads\/2020\/05\/pokyny-ZF-Covid19_Str\u00e1nka_1-1086x1536.jpg 1086w, https:\/\/www.zamek-frystat.cz\/wp-content\/uploads\/2020\/05\/pokyny-ZF-Covid19_Str\u00e1nka_1-1448x2048.jpg 1448w, https:\/\/www.zamek-frystat.cz\/wp-content\/uploads\/2020\/05\/pokyny-ZF-Covid19_Str\u00e1nka_1-scaled.jpg 1810w\" sizes=\"auto, (max-width: 724px) 100vw, 724px\" \/>Aktu\u00e1ln\u00ed situace:<\/p>\n<p>V r\u00e1mci 1. vlny uvoln\u011bn\u00ed mimo\u0159\u00e1dn\u00fdch opat\u0159en\u00ed p\u0159ijat\u00fdch proti \u0161\u00ed\u0159en\u00ed pandemie koronaviru je ji\u017e od 12. kv\u011btna otev\u0159ena pro ve\u0159ejnost \u010d\u00e1st z\u00e1mku Fry\u0161t\u00e1t, kter\u00e1 zahrnuje 3. prohl\u00eddkovou trasu \u2013 st\u00e1lou expozici \u010desk\u00e9ho v\u00fdtvarn\u00e9ho um\u011bn\u00ed 19. stolet\u00ed ze sb\u00edrek N\u00e1rodn\u00ed galerie v Praze. Od 26. kv\u011btna budou zp\u0159\u00edstupn\u011bny v\u0161echny okruhy.<\/p>\n<p>&nbsp;<\/p>\n<p><strong>POKYNY PRO N\u00c1V\u0160T\u011aVN\u00cdKY<br \/>\nPodm\u00ednky n\u00e1v\u0161t\u011bvn\u00edho provozu z\u00e1mku Fry\u0161t\u00e1t v dob\u011b \u0161\u00ed\u0159en\u00ed Covid-19<\/strong><\/p>\n<p>V souvislosti s opat\u0159en\u00edmi proti \u0161\u00ed\u0159en\u00ed koronaviru plat\u00ed pro n\u00e1v\u0161t\u011bvn\u00edky z\u00e1mku zp\u0159\u00edsn\u011bn\u00e9 pokyny nad r\u00e1mec N\u00e1v\u0161t\u011bvn\u00edho \u0159\u00e1du. P\u0159i nedodr\u017een\u00ed t\u011bchto pokyn\u016f nebude n\u00e1v\u0161t\u011bvn\u00edk do interi\u00e9ru z\u00e1mku vpu\u0161t\u011bn nebo m\u016f\u017ee b\u00fdt z jeho prostor bez n\u00e1hrady vyk\u00e1z\u00e1n, a to i p\u0159esto, \u017ee m\u00e1 uhrazen\u00e9 vstupn\u00e9.<\/p>\n<ul>\n<li>Zakazuje se vstup osob podl\u00e9haj\u00edc\u00edch karant\u00e9n\u011b nebo osob se zdravotn\u00edmi pot\u00ed\u017eemi odpov\u00eddaj\u00edc\u00edmi virov\u00e9 infekci (hore\u010dka, ka\u0161el, du\u0161nost, bolest sval\u016f aj.).<\/li>\n<li>N\u00e1v\u0161t\u011bvn\u00edk je povinen vstupovat do are\u00e1lu z\u00e1mku v\u00fdhradn\u011b se zakryt\u00fdmi d\u00fdchac\u00edmi cestami (rou\u0161ka, respir\u00e1tor, \u0161\u00e1la, \u0161t\u00edt na obli\u010dej apod.) a m\u00edt je zakryt\u00e9 po celou dobu pobytu.<\/li>\n<li>N\u00e1v\u0161t\u011bvn\u00edk bez zakryt\u00ed d\u00fdchac\u00edch cest nebude vpu\u0161t\u011bn na prohl\u00eddku s\u00a0pr\u016fvodcem a to i p\u0159esto, \u017ee bude m\u00edt platnou vstupenku. V\u00a0takov\u00e9m p\u0159\u00edpad\u011b nem\u00e1 n\u00e1v\u0161t\u011bvn\u00edk n\u00e1rok na vr\u00e1cen\u00ed vstupn\u00e9ho.<\/li>\n<li>N\u00e1v\u0161t\u011bvn\u00edk, kter\u00fd v\u00a0souladu s\u00a0pokyny vl\u00e1dy nemus\u00ed ze zdravotn\u00edch d\u016fvod\u016f nosit rou\u0161ku, je povinen tuto skute\u010dnost prok\u00e1zat p\u00edsemn\u00fdm potvrzen\u00edm.<\/li>\n<li>N\u00e1v\u0161t\u011bvn\u00edk je povinen dodr\u017eovat rozestupy v\u00a0d\u00e9lce 2 m, vyjma osob sd\u00edlej\u00edc\u00edch spole\u010dnou dom\u00e1cnost.<\/li>\n<li>Zakazuje se shlukov\u00e1n\u00ed osob ve vnit\u0159n\u00edch prostorech, p\u0159edev\u0161\u00edm v m\u00edstech p\u0159ed toaletami, na pokladn\u00e1ch a v m\u00edstech prodeje upom\u00ednkov\u00fdch p\u0159edm\u011bt\u016f.<\/li>\n<li>N\u00e1v\u0161t\u011bvn\u00edk je povinen p\u0159ed vstupem na pokladnu a d\u00e1le p\u0159i zah\u00e1jen\u00ed prohl\u00eddek, stejn\u011b jako p\u0159i vstupu na WC pou\u017e\u00edt desinfekci rukou.<\/li>\n<li>Je up\u0159ednost\u0148ov\u00e1n bezhotovostn\u00ed prodej.<\/li>\n<li>N\u00e1v\u0161t\u011bvn\u00edk je povinen dodr\u017eovat dal\u0161\u00ed pokyny zam\u011bstnanc\u016f z\u00e1mku, v opa\u010dn\u00e9m p\u0159\u00edpad\u011b m\u016f\u017ee b\u00fdt vyk\u00e1z\u00e1n.<\/li>\n<\/ul>\n<\/div>\n","protected":false},"excerpt":{"rendered":"<p>Aktu\u00e1ln\u00ed situace: V r\u00e1mci 1. vlny uvoln\u011bn\u00ed mimo\u0159\u00e1dn\u00fdch opat\u0159en\u00ed p\u0159ijat\u00fdch proti \u0161\u00ed\u0159en\u00ed pandemie koronaviru je ji\u017e od 12. kv\u011btna otev\u0159ena pro ve\u0159ejnost \u010d\u00e1st z\u00e1mku Fry\u0161t\u00e1t, kter\u00e1 zahrnuje 3. prohl\u00eddkovou trasu \u2013 st\u00e1lou expozici \u010desk\u00e9ho v\u00fdtvarn\u00e9ho um\u011bn\u00ed 19. stolet\u00ed ze sb\u00edrek N\u00e1rodn\u00ed galerie v Praze. Od 26. kv\u011btna budou zp\u0159\u00edstupn\u011bny v\u0161echny [&hellip;]<\/p>\n","protected":false},"author":2,"featured_media":0,"comment_status":"closed","ping_status":"closed","sticky":false,"template":"","format":"standard","meta":{"footnotes":""},"categories":[17],"tags":[],"class_list":["post-1545","post","type-post","status-publish","format-standard","hentry","category-nezarazene-en"],"_links":{"self":[{"href":"https:\/\/www.zamek-frystat.cz\/index.php\/wp-json\/wp\/v2\/posts\/1545","targetHints":{"allow":["GET"]}}],"collection":[{"href":"https:\/\/www.zamek-frystat.cz\/index.php\/wp-json\/wp\/v2\/posts"}],"about":[{"href":"https:\/\/www.zamek-frystat.cz\/index.php\/wp-json\/wp\/v2\/types\/post"}],"author":[{"embeddable":true,"href":"https:\/\/www.zamek-frystat.cz\/index.php\/wp-json\/wp\/v2\/users\/2"}],"replies":[{"embeddable":true,"href":"https:\/\/www.zamek-frystat.cz\/index.php\/wp-json\/wp\/v2\/comments?post=1545"}],"version-history":[{"count":5,"href":"https:\/\/www.zamek-frystat.cz\/index.php\/wp-json\/wp\/v2\/posts\/1545\/revisions"}],"predecessor-version":[{"id":1553,"href":"https:\/\/www.zamek-frystat.cz\/index.php\/wp-json\/wp\/v2\/posts\/1545\/revisions\/1553"}],"wp:attachment":[{"href":"https:\/\/www.zamek-frystat.cz\/index.php\/wp-json\/wp\/v2\/media?parent=1545"}],"wp:term":[{"taxonomy":"category","embeddable":true,"href":"https:\/\/www.zamek-frystat.cz\/index.php\/wp-json\/wp\/v2\/categories?post=1545"},{"taxonomy":"post_tag","embeddable":true,"href":"https:\/\/www.zamek-frystat.cz\/index.php\/wp-json\/wp\/v2\/tags?post=1545"}],"curies":[{"name":"wp","href":"https:\/\/api.w.org\/{rel}","templated":true}]}}