{"id":1874,"date":"2021-05-26T12:30:32","date_gmt":"2021-05-26T11:30:32","guid":{"rendered":"http:\/\/www.zamek-frystat.cz\/?p=1874"},"modified":"2021-06-14T10:07:29","modified_gmt":"2021-06-14T09:07:29","slug":"klasicke-prohlidky-zamku-jiz-od-1-cervna","status":"publish","type":"post","link":"https:\/\/www.zamek-frystat.cz\/index.php\/2021\/05\/26\/klasicke-prohlidky-zamku-jiz-od-1-cervna\/","title":{"rendered":"KLASICK\u00c9 PROHL\u00cdDKY Z\u00c1MKU JI\u017d OD 1. \u010cERVNA"},"content":{"rendered":"<p>Od \u00fater\u00fd 1. \u010dervna zahajujeme provoz z\u00e1mku v klasick\u00fdch okruz\u00edch. Oproti b\u011b\u017en\u00e9mu re\u017eimu jsou v\u0161ak st\u00e1le platn\u00e1 ur\u010dit\u00e1 omezen\u00ed.<\/p>\n<p>Dle aktu\u00e1ln\u00edch proticovidov\u00fdch\u00a0 opat\u0159en\u00ed budou moci b\u00fdt prov\u00e1d\u011bny skupinov\u00e9 prohl\u00eddky do 10 osob v\u010detn\u011b pr\u016fvodce bez omezen\u00ed, av\u0161ak do po\u010dtu 30 osob ji\u017e bude muset b\u00fdt spln\u011bna alespo\u0148 jedna z n\u00e1sleduj\u00edc\u00edch podm\u00ednek:<\/p>\n<ul>\n<li>absolvov\u00e1n\u00ed PCR testu v\u00a0posledn\u00edch 7\u00a0dnech,<\/li>\n<li>absolvov\u00e1n\u00ed POC testu v\u00a0posledn\u00edch 72 hodin\u00e1ch,<\/li>\n<li>m\u00edt laboratorn\u011b potvrzen\u00e9 prod\u011bl\u00e1n\u00ed onemocn\u011bn\u00ed covid-19, kter\u00e9 nen\u00ed star\u0161\u00ed jak 180\u00a0dn\u00ed,<\/li>\n<li>m\u00edt alespo\u0148 22 dn\u016f po prvn\u00ed\u00a0d\u00e1vce vakc\u00edny, p\u0159i\u010dem\u017e\u00a0mezi pod\u00e1n\u00edm prvn\u00ed a\u00a0druh\u00e9 d\u00e1vky nesm\u00ed uplynout v\u00edc, ne\u017e 90 dn\u016f a\u00a0od druh\u00e9 d\u00e1vky v\u00edce ne\u017e 9\u00a0m\u011bs\u00edc\u016f,<\/li>\n<li>u\u00a0jednod\u00e1vkov\u00e9 vakc\u00edny mus\u00ed od o\u010dkov\u00e1n\u00ed uplynout alespo\u0148 14 dn\u00ed, ale ne v\u00edce, ne\u017e 9\u00a0m\u011bs\u00edc\u016f.<\/li>\n<\/ul>\n<p>Vzhledem ke kapacit\u011b z\u00e1mku v r\u00e1mci z\u00e1meck\u00fdch prohl\u00eddkov\u00fdch okruh\u016f vedouc\u00edch z\u00e1meck\u00fdmi komnatami budeme s ohledem na dodr\u017een\u00ed rozestup\u016f organizovat 10\u010dlenn\u00e9 skupiny v\u010detn\u011b pr\u016fvodce a v r\u00e1mci n\u00e1v\u0161t\u011bvy expozice N\u00e1rodn\u00ed galerie z\u016fst\u00e1v\u00e1 opat\u0159en\u00ed toto\u017en\u00e9 jako dosud, tj. max. kapacita 12 osob. St\u00e1le plat\u00ed, \u017ee v\u0161ichni, krom\u011b d\u011bt\u00ed do 2 let (v\u010detn\u011b), jsou povinni m\u00edt respir\u00e1tory. V\u00fdjimku p\u0159edstavuj\u00ed d\u011bti od 3 do 15 let, kter\u00fdm posta\u010d\u00ed jako ochrana chirurgick\u00e1 rou\u0161ka. Ministerstvo zdravotnictv\u00ed v\u0161ak\u00a0 d\u016frazn\u011b doporu\u010duje i pro n\u011b pou\u017eit\u00ed respir\u00e1toru.<\/p>\n<p>I p\u0159es tato omezen\u00ed douf\u00e1me, \u017ee si k n\u00e1m cestu najdete a u\u017e se moc t\u011b\u0161\u00edme na va\u0161i n\u00e1v\u0161t\u011bvu.<\/p>\n<p><img loading=\"lazy\" decoding=\"async\" class=\"alignnone size-large wp-image-1879\" src=\"https:\/\/www.zamek-frystat.cz\/wp-content\/uploads\/2021\/05\/KZ_vizitka_95x655_otev\u0159en\u00ed-ZF_OK-1024x707.png\" alt=\"\" width=\"730\" height=\"504\" srcset=\"https:\/\/www.zamek-frystat.cz\/wp-content\/uploads\/2021\/05\/KZ_vizitka_95x655_otev\u0159en\u00ed-ZF_OK-1024x707.png 1024w, https:\/\/www.zamek-frystat.cz\/wp-content\/uploads\/2021\/05\/KZ_vizitka_95x655_otev\u0159en\u00ed-ZF_OK-300x207.png 300w, https:\/\/www.zamek-frystat.cz\/wp-content\/uploads\/2021\/05\/KZ_vizitka_95x655_otev\u0159en\u00ed-ZF_OK-768x530.png 768w, https:\/\/www.zamek-frystat.cz\/wp-content\/uploads\/2021\/05\/KZ_vizitka_95x655_otev\u0159en\u00ed-ZF_OK.png 1121w\" sizes=\"auto, (max-width: 730px) 100vw, 730px\" \/><\/p>\n<p>&nbsp;<\/p>\n","protected":false},"excerpt":{"rendered":"<p>Od \u00fater\u00fd 1. \u010dervna zahajujeme provoz z\u00e1mku v klasick\u00fdch okruz\u00edch. Oproti b\u011b\u017en\u00e9mu re\u017eimu jsou v\u0161ak st\u00e1le platn\u00e1 ur\u010dit\u00e1 omezen\u00ed. Dle aktu\u00e1ln\u00edch proticovidov\u00fdch\u00a0 opat\u0159en\u00ed budou moci b\u00fdt prov\u00e1d\u011bny skupinov\u00e9 prohl\u00eddky do 10 osob v\u010detn\u011b pr\u016fvodce bez omezen\u00ed, av\u0161ak do po\u010dtu 30 osob ji\u017e bude muset b\u00fdt spln\u011bna alespo\u0148 jedna z n\u00e1sleduj\u00edc\u00edch [&hellip;]<\/p>\n","protected":false},"author":2,"featured_media":0,"comment_status":"closed","ping_status":"closed","sticky":false,"template":"","format":"standard","meta":{"footnotes":""},"categories":[17],"tags":[],"class_list":["post-1874","post","type-post","status-publish","format-standard","hentry","category-nezarazene-en"],"_links":{"self":[{"href":"https:\/\/www.zamek-frystat.cz\/index.php\/wp-json\/wp\/v2\/posts\/1874","targetHints":{"allow":["GET"]}}],"collection":[{"href":"https:\/\/www.zamek-frystat.cz\/index.php\/wp-json\/wp\/v2\/posts"}],"about":[{"href":"https:\/\/www.zamek-frystat.cz\/index.php\/wp-json\/wp\/v2\/types\/post"}],"author":[{"embeddable":true,"href":"https:\/\/www.zamek-frystat.cz\/index.php\/wp-json\/wp\/v2\/users\/2"}],"replies":[{"embeddable":true,"href":"https:\/\/www.zamek-frystat.cz\/index.php\/wp-json\/wp\/v2\/comments?post=1874"}],"version-history":[{"count":8,"href":"https:\/\/www.zamek-frystat.cz\/index.php\/wp-json\/wp\/v2\/posts\/1874\/revisions"}],"predecessor-version":[{"id":1896,"href":"https:\/\/www.zamek-frystat.cz\/index.php\/wp-json\/wp\/v2\/posts\/1874\/revisions\/1896"}],"wp:attachment":[{"href":"https:\/\/www.zamek-frystat.cz\/index.php\/wp-json\/wp\/v2\/media?parent=1874"}],"wp:term":[{"taxonomy":"category","embeddable":true,"href":"https:\/\/www.zamek-frystat.cz\/index.php\/wp-json\/wp\/v2\/categories?post=1874"},{"taxonomy":"post_tag","embeddable":true,"href":"https:\/\/www.zamek-frystat.cz\/index.php\/wp-json\/wp\/v2\/tags?post=1874"}],"curies":[{"name":"wp","href":"https:\/\/api.w.org\/{rel}","templated":true}]}}