{"id":2131,"date":"2022-03-21T11:14:38","date_gmt":"2022-03-21T10:14:38","guid":{"rendered":"http:\/\/www.zamek-frystat.cz\/?p=2131"},"modified":"2022-03-21T11:14:38","modified_gmt":"2022-03-21T10:14:38","slug":"zahajeni-zamecke-sezony-i-s-kocarem","status":"publish","type":"post","link":"https:\/\/www.zamek-frystat.cz\/index.php\/2022\/03\/21\/zahajeni-zamecke-sezony-i-s-kocarem\/","title":{"rendered":"ZAH\u00c1JEN\u00cd Z\u00c1MECK\u00c9 SEZONY I S KO\u010c\u00c1REM"},"content":{"rendered":"<p>Akci chystanou na sobotu 2. dubna, kterou z\u00e1mek Fry\u0161t\u00e1t ofici\u00e1ln\u011b zah\u00e1j\u00ed svou hlavn\u00ed turistickou sezonu, jsme aktu\u00e1ln\u011b roz\u0161\u00ed\u0159ili o obl\u00edben\u00e9 ko\u010d\u00e1rov\u00e9 proj\u00ed\u017e\u010fky z\u00e1meck\u00fdm parkem. Ty se uskute\u010dn\u00ed mezi 13:00 a 16:00 hod., av\u0161ak pouze za p\u0159\u00edzniv\u00e9ho po\u010das\u00ed. V\u00edce informac\u00ed o cel\u00e9 akci si p\u0159e\u010dt\u011bte v p\u0159ede\u0161l\u00e9 aktualit\u011b.<\/p>\n<p>&nbsp;<\/p>\n","protected":false},"excerpt":{"rendered":"<p>Akci chystanou na sobotu 2. dubna, kterou z\u00e1mek Fry\u0161t\u00e1t ofici\u00e1ln\u011b zah\u00e1j\u00ed svou hlavn\u00ed turistickou sezonu, jsme aktu\u00e1ln\u011b roz\u0161\u00ed\u0159ili o obl\u00edben\u00e9 ko\u010d\u00e1rov\u00e9 proj\u00ed\u017e\u010fky z\u00e1meck\u00fdm parkem. Ty se uskute\u010dn\u00ed mezi 13:00 a 16:00 hod., av\u0161ak pouze za p\u0159\u00edzniv\u00e9ho po\u010das\u00ed. V\u00edce informac\u00ed o cel\u00e9 akci si p\u0159e\u010dt\u011bte v p\u0159ede\u0161l\u00e9 aktualit\u011b. &nbsp;<\/p>\n","protected":false},"author":2,"featured_media":0,"comment_status":"closed","ping_status":"closed","sticky":false,"template":"","format":"standard","meta":{"footnotes":""},"categories":[17],"tags":[],"class_list":["post-2131","post","type-post","status-publish","format-standard","hentry","category-nezarazene-en"],"_links":{"self":[{"href":"https:\/\/www.zamek-frystat.cz\/index.php\/wp-json\/wp\/v2\/posts\/2131","targetHints":{"allow":["GET"]}}],"collection":[{"href":"https:\/\/www.zamek-frystat.cz\/index.php\/wp-json\/wp\/v2\/posts"}],"about":[{"href":"https:\/\/www.zamek-frystat.cz\/index.php\/wp-json\/wp\/v2\/types\/post"}],"author":[{"embeddable":true,"href":"https:\/\/www.zamek-frystat.cz\/index.php\/wp-json\/wp\/v2\/users\/2"}],"replies":[{"embeddable":true,"href":"https:\/\/www.zamek-frystat.cz\/index.php\/wp-json\/wp\/v2\/comments?post=2131"}],"version-history":[{"count":1,"href":"https:\/\/www.zamek-frystat.cz\/index.php\/wp-json\/wp\/v2\/posts\/2131\/revisions"}],"predecessor-version":[{"id":2132,"href":"https:\/\/www.zamek-frystat.cz\/index.php\/wp-json\/wp\/v2\/posts\/2131\/revisions\/2132"}],"wp:attachment":[{"href":"https:\/\/www.zamek-frystat.cz\/index.php\/wp-json\/wp\/v2\/media?parent=2131"}],"wp:term":[{"taxonomy":"category","embeddable":true,"href":"https:\/\/www.zamek-frystat.cz\/index.php\/wp-json\/wp\/v2\/categories?post=2131"},{"taxonomy":"post_tag","embeddable":true,"href":"https:\/\/www.zamek-frystat.cz\/index.php\/wp-json\/wp\/v2\/tags?post=2131"}],"curies":[{"name":"wp","href":"https:\/\/api.w.org\/{rel}","templated":true}]}}