{"id":2143,"date":"2022-04-07T07:55:04","date_gmt":"2022-04-07T06:55:04","guid":{"rendered":"https:\/\/www.zamek-frystat.cz\/?p=2143"},"modified":"2022-06-07T10:34:09","modified_gmt":"2022-06-07T09:34:09","slug":"akce-se-vydarila-kocar-jezdil","status":"publish","type":"post","link":"https:\/\/www.zamek-frystat.cz\/index.php\/2022\/04\/07\/akce-se-vydarila-kocar-jezdil\/","title":{"rendered":"AKCE SE VYDA\u0158ILA, KO\u010c\u00c1R JEZDIL"},"content":{"rendered":"<p>Monte Christo n\u00e1m odstartoval hlavn\u00ed sezonu a <a href=\"https:\/\/www.facebook.com\/karvina.oficialni.stranka.mesta\/videos\/386095476699966\">zde<\/a> je je\u0161t\u011b mal\u00e9 ohl\u00e9dnut\u00ed za touto vyda\u0159enou akc\u00ed. V odpoledn\u00edch hodin\u00e1ch se n\u00e1v\u0161t\u011bvn\u00edci dokonce mohli, letos poprv\u00e9, povozit v historick\u00e9m ko\u010d\u00e1ru. A p\u0159esto\u017ee jsme si do posledn\u00ed chv\u00edle nebyli jisti, zda bude\u00a0 z\u00e1jem, na\u0161lo se dost otu\u017eilc\u016f a nakonec se jezdilo.\u00a0 A <a href=\"https:\/\/www.facebook.com\/photo?fbid=349322740555637&amp;set=pcb.349330093888235\">zde<\/a> najdete tak\u00e9 n\u011bjak\u00e9 p\u011bkn\u00e9 z\u00e1b\u011bry z akce.<\/p>\n<p>P\u0159ehled dal\u0161\u00edch z\u00e1meck\u00fdch akc\u00ed na leto\u0161n\u00ed rok najdete v z\u00e1lo\u017ece Z\u00c1MECK\u00c9 AKCE V ROCE 2022. Budeme se t\u011b\u0161it.<\/p>\n<p>&nbsp;<\/p>\n<p>&nbsp;<\/p>\n<p>&nbsp;<\/p>\n<p>&nbsp;<\/p>\n","protected":false},"excerpt":{"rendered":"<p>Monte Christo n\u00e1m odstartoval hlavn\u00ed sezonu a zde je je\u0161t\u011b mal\u00e9 ohl\u00e9dnut\u00ed za touto vyda\u0159enou akc\u00ed. V odpoledn\u00edch hodin\u00e1ch se n\u00e1v\u0161t\u011bvn\u00edci dokonce mohli, letos poprv\u00e9, povozit v historick\u00e9m ko\u010d\u00e1ru. A p\u0159esto\u017ee jsme si do posledn\u00ed chv\u00edle nebyli jisti, zda bude\u00a0 z\u00e1jem, na\u0161lo se dost otu\u017eilc\u016f a nakonec se jezdilo.\u00a0 A [&hellip;]<\/p>\n","protected":false},"author":2,"featured_media":0,"comment_status":"closed","ping_status":"closed","sticky":false,"template":"","format":"standard","meta":{"footnotes":""},"categories":[4],"tags":[],"class_list":["post-2143","post","type-post","status-publish","format-standard","hentry","category-novinky"],"_links":{"self":[{"href":"https:\/\/www.zamek-frystat.cz\/index.php\/wp-json\/wp\/v2\/posts\/2143","targetHints":{"allow":["GET"]}}],"collection":[{"href":"https:\/\/www.zamek-frystat.cz\/index.php\/wp-json\/wp\/v2\/posts"}],"about":[{"href":"https:\/\/www.zamek-frystat.cz\/index.php\/wp-json\/wp\/v2\/types\/post"}],"author":[{"embeddable":true,"href":"https:\/\/www.zamek-frystat.cz\/index.php\/wp-json\/wp\/v2\/users\/2"}],"replies":[{"embeddable":true,"href":"https:\/\/www.zamek-frystat.cz\/index.php\/wp-json\/wp\/v2\/comments?post=2143"}],"version-history":[{"count":4,"href":"https:\/\/www.zamek-frystat.cz\/index.php\/wp-json\/wp\/v2\/posts\/2143\/revisions"}],"predecessor-version":[{"id":2147,"href":"https:\/\/www.zamek-frystat.cz\/index.php\/wp-json\/wp\/v2\/posts\/2143\/revisions\/2147"}],"wp:attachment":[{"href":"https:\/\/www.zamek-frystat.cz\/index.php\/wp-json\/wp\/v2\/media?parent=2143"}],"wp:term":[{"taxonomy":"category","embeddable":true,"href":"https:\/\/www.zamek-frystat.cz\/index.php\/wp-json\/wp\/v2\/categories?post=2143"},{"taxonomy":"post_tag","embeddable":true,"href":"https:\/\/www.zamek-frystat.cz\/index.php\/wp-json\/wp\/v2\/tags?post=2143"}],"curies":[{"name":"wp","href":"https:\/\/api.w.org\/{rel}","templated":true}]}}