{"id":2782,"date":"2023-08-08T20:48:06","date_gmt":"2023-08-08T19:48:06","guid":{"rendered":"https:\/\/www.zamek-frystat.cz\/?p=2782"},"modified":"2023-09-04T09:45:12","modified_gmt":"2023-09-04T08:45:12","slug":"letosni-dny-evropskeho-dedictvi-probehnou-o-vikendu-9-a-10-zari","status":"publish","type":"post","link":"https:\/\/www.zamek-frystat.cz\/index.php\/2023\/08\/08\/letosni-dny-evropskeho-dedictvi-probehnou-o-vikendu-9-a-10-zari\/","title":{"rendered":"Leto\u0161n\u00ed DNY EVROPSK\u00c9HO D\u011aDICTV\u00cd prob\u011bhnou o v\u00edkendech 9.-10. z\u00e1\u0159\u00ed a 16. z\u00e1\u0159\u00ed"},"content":{"rendered":"<p>Dny evropsk\u00e9ho d\u011bdictv\u00ed ( European Heritage Days) ka\u017edoro\u010dn\u011b v m\u011bs\u00edci z\u00e1\u0159\u00ed otev\u00edraj\u00ed nej\u0161ir\u0161\u00ed ve\u0159ejnosti br\u00e1ny nejzaj\u00edmav\u011bj\u0161\u00edch pam\u00e1tek, budov, objekt\u016f a prostor v\u010detn\u011b t\u011bch, kter\u00e9 jsou jinak z\u010d\u00e1sti nebo zcela nep\u0159\u00edstupn\u00e9.<\/p>\n<p>Tak\u00e9 Karvin\u00e1 se ji\u017e \u0159adu let k tomuto projektu hl\u00e1s\u00ed. V Karvin\u00e9 prob\u011bhnou leto\u0161n\u00ed DNY o v\u00edkendu 9. a 10. z\u00e1\u0159\u00ed a n\u00e1sleduj\u00edc\u00ed sobotu 16. z\u00e1\u0159\u00ed, a to v n\u011bkolika objektech a na n\u011bkolika m\u00edstech. Tradi\u010dn\u011b zveme na z\u00e1mek Fry\u0161t\u00e1t, radnici, do kostela Pov\u00fd\u0161eni sv. K\u0159\u00ed\u017ee, kostela sv. Marka v centru m\u011bsta a \u0161ikm\u00e9ho kostela sv. Petra z Alkantary v Dolech. A op\u011bt je sou\u010d\u00e1st\u00ed programu i obl\u00edben\u00e1 retrocesta za histori\u00ed m\u011bsta aneb proj\u00ed\u017e\u010fky retroautobusem po technick\u00fdch pam\u00e1tk\u00e1ch v m\u00edstech p\u016fvodn\u00ed Karvinn\u00e9 a nov\u011b jsme za\u0159adili i prohl\u00eddku podle ned\u00e1vno vydan\u00e9 knihy o zanikl\u00e9m z\u00e1meck\u00e9m parku Solca a nau\u010dnou stezku kolem star\u00e9ho n\u00e1dra\u017e\u00ed. Zde si p\u0159e\u010dt\u011bte program na oba dny:<\/p>\n<ul>\n<li><em>sobota 9. z\u00e1\u0159\u00ed<\/em><\/li>\n<\/ul>\n<p><strong>Z\u00e1mek Fry\u0161t\u00e1t a kostel Pov\u00fd\u0161en\u00ed sv. K\u0159\u00ed\u017ee<\/strong> \u2013 <strong>spole\u010dn\u00e9 prohl\u00eddky<\/strong> z\u00e1mku a kostela s hodinov\u00fdmi vstupy v \u010dasech od 10:30-16:30 h (posledn\u00ed vstup). Pr\u016fb\u011bh prohl\u00eddky: p\u0159ibli\u017en\u011b 30 minut v z\u00e1meck\u00fdch komnat\u00e1ch s pr\u016fvodcem ze z\u00e1mku a pot\u00e9 se p\u0159ejde spojovac\u00ed chodbi\u010dkou do orato\u0159e kostela, kde prohl\u00eddka pokra\u010duje s pr\u016fvodcem farnosti dal\u0161\u00ed cca p\u016flhodinu. Vstupn\u00e9 dle n\u00e1v\u0161t\u011bvn\u00edho \u0159\u00e1du, z\u00e1kladn\u00ed 100 K\u010d.<\/p>\n<p><strong>Z\u00e1mek Fry\u0161t\u00e1t<\/strong> \u2013 <strong>historick\u00e9 ske\u010de<\/strong> Divadla bez st\u0159echy. Prohl\u00eddky za\u010d\u00ednaj\u00ed v ka\u017edou celou hodinu od 10:00 do 16:00 h (posledn\u00ed vstup). T\u00e9ma: humorn\u00e9 sc\u00e9nky ze \u017eivota m\u00edstn\u00ed \u0161lechty. Vstupn\u00e9 dle n\u00e1v\u0161t\u011bvn\u00edho \u0159\u00e1du, z\u00e1kladn\u00ed 100 K\u010d.<\/p>\n<p><strong>Kostel sv. Marka <\/strong>\u2013 prohl\u00eddky s pr\u016fvodcem prob\u00edhaj\u00ed od 10:00-17:00 hodin, vstupy pr\u016fb\u011b\u017en\u011b, mo\u017eno i individu\u00e1ln\u011b. Za finan\u010dn\u00edho p\u0159isp\u011bn\u00ed m\u011bsta jsou prohl\u00eddky zdarma. Kostel se nach\u00e1z\u00ed pobl\u00ed\u017e Masarykova n\u00e1m\u011bst\u00ed, naproti budovy magistr\u00e1tu.<\/p>\n<p><strong>Radnice<\/strong> \u2013 prohl\u00eddky historick\u00e9ho s\u00eddla veden\u00ed statut\u00e1rn\u00edho m\u011bsta Karvin\u00e9 s pr\u016fvodcem za\u010d\u00ednaj\u00ed ka\u017edou celou hodinu od 10:00-16:00 hodin (posledn\u00ed vstup) a jsou zdarma. Radnice se nach\u00e1z\u00ed p\u0159\u00edmo na Masarykov\u011b n\u00e1m\u011bst\u00ed, vstup z Fry\u0161t\u00e1tsk\u00e9 ulice.<\/p>\n<p><strong>Ko\u010d\u00e1rov\u00e9 j\u00edzdy<\/strong> \u2013 z\u00e1meck\u00fdm parkem. Obl\u00edben\u00e9 romantick\u00e9 j\u00edzdy ko\u010d\u00e1rem s ko\u0148sk\u00fdm dvojsp\u0159e\u017een\u00edm budou prob\u00edhat mezi 13:00 a 16:00 h, ka\u017edou \u010dtvrthodinu, se stanovi\u0161t\u011bm p\u0159ed z\u00e1mkem. J\u00edzdn\u00e9 80K\u010d\/ko\u010d\u00e1r\/j\u00edzda. <em>Jsou v\u00e1z\u00e1ny na z\u00e1meck\u00e9 prohl\u00eddky!<\/em><\/p>\n<p><em>Parkovat pobl\u00ed\u017e n\u00e1m\u011bst\u00ed je mo\u017eno na parkovi\u0161t\u00edch pod Priorem, u budov magistr\u00e1tu, u letn\u00edho kina.<\/em><\/p>\n<p><strong>\u0160ikm\u00fd kostel sv. Petra z Alkantary<\/strong> \u2013 prohl\u00eddky s pr\u016fvodcem prob\u00edhaj\u00ed od 10:00-18:00 hodin, vstupy pr\u016fb\u011b\u017en\u011b, mo\u017eno i individu\u00e1ln\u011b. Za finan\u010dn\u00edho p\u0159isp\u011bn\u00ed m\u011bsta jsou prohl\u00eddky zdarma. Kostel se nach\u00e1z\u00ed na p\u0159\u00edjezdu do Karvin\u00e9 sm\u011brem od Ostravy, pobl\u00ed\u017e hlavn\u00ed cesty, z kter\u00e9 je z\u0159eteln\u011b viditeln\u00fd. <em>Parkov\u00e1n\u00ed je mo\u017en\u00e9 u kostela.<\/em><\/p>\n<ul>\n<li><em>ned\u011ble 10. z\u00e1\u0159\u00ed<\/em><\/li>\n<\/ul>\n<p><strong>Z\u00e1mek Fry\u0161t\u00e1t \u2013 p\u0159edn\u00e1\u0161ka \u0160lechtick\u00e9 hrobky a poh\u0159b\u00edv\u00e1n\u00ed v Karvin\u00e9\u2013<\/strong> za\u010d\u00e1tek ve 14:00 h, trv\u00e1 60 minut. Vstupn\u00e9 20 K\u010d\/osoba. Prov\u00e1z\u00ed Mgr. Zaj\u00ed\u010dek.<\/p>\n<p><strong>Z\u00e1mek Fry\u0161t\u00e1t \u2013 prohl\u00eddka s kastel\u00e1nem \u2013 za\u010d\u00e1tek v 11:00 h, 150 K\u010d\/os.<\/strong><\/p>\n<p><em>Parkovat pobl\u00ed\u017e n\u00e1m\u011bst\u00ed je mo\u017eno na parkovi\u0161t\u00edch pod Priorem, u budov magistr\u00e1tu, u letn\u00edho kina.<\/em><\/p>\n<p><strong>\u0160ikm\u00fd kostel sv. Petra z Alkantary<\/strong> \u2013 prohl\u00eddky s pr\u016fvodcem prob\u00edhaj\u00ed od 11:30-18:00 hodin, vstupy pr\u016fb\u011b\u017en\u011b, mo\u017eno i individu\u00e1ln\u011b. Za finan\u010dn\u00edho p\u0159isp\u011bn\u00ed m\u011bsta jsou prohl\u00eddky zdarma. Kostel se nach\u00e1z\u00ed na p\u0159\u00edjezdu do Karvin\u00e9 sm\u011brem od Ostravy, pobl\u00ed\u017e hlavn\u00ed cesty, z kter\u00e9 je z\u0159eteln\u011b viditeln\u00fd. <em>Parkov\u00e1n\u00ed je mo\u017en\u00e9 u kostela.<\/em><\/p>\n<p><strong>Retroautobus<\/strong> \u2013 odjezd od z\u00e1mku Fry\u0161t\u00e1t v 9:30 h, cena:150 K\u010d. V p\u0159\u00edpad\u011b velk\u00e9ho z\u00e1jmu bude po vyprod\u00e1n\u00ed 1. j\u00edzdy mo\u017enost objednat druhou. Ta by se konala a\u017e po p\u0159\u00edjezdu prvn\u00ed skupiny v cca13:30 h. P\u0159ipojte se k vyj\u00ed\u017e\u010fce historick\u00fdm autobusem do krajiny \u0161ikm\u00e9ho kostela a poznejte p\u0159\u00edb\u011bh vzestupu a z\u00e1niku star\u00e9 Karvinn\u00e9. B\u011bhem cesty nav\u0161t\u00edv\u00edme doly Gabriela a Barbora, m\u00edsta star\u00fdch hornick\u00fdch koloni\u00ed Nov\u00fd York a Mexiko s bl\u00edzk\u00fdm zanikl\u00fdm h\u0159bitovem a zastav\u00edme se tak\u00e9 v centru star\u00e9 Karvinn\u00e9 v m\u00edstech, kde st\u00e1la honosn\u00e1 radnice s kostelem sv. Jind\u0159icha. Poznejte \u017eivot obyvatel uheln\u00e9ho kraje v dob\u00e1ch nejv\u011bt\u0161\u00edho rozmachu dolov\u00e1n\u00ed! Pr\u016fvodce: Petr Majli\u0161.<\/p>\n<p><em>Vstupenky u placen\u00fdch vstup\u016f lze zakoupit ji\u017e od 6. z\u00e1\u0159\u00ed.<\/em><\/p>\n<ul>\n<li><em>sobota 16. z\u00e1\u0159\u00ed<\/em><\/li>\n<\/ul>\n<p><strong>Z\u00e1meck\u00fd park Solca &#8211; komentovan\u00e1 prohl\u00eddka &#8211; <\/strong>za\u010d\u00e1tek od 9 h. Sraz: autobusov\u00e1 zast\u00e1vka, Karvin\u00e1-Doly, D\u016fl \u010cSA. Po\u010det \u00fa\u010dastn\u00edk\u016f omezen na 20 osob, nutnost rezervace na mail: <a href=\"mailto:kkhgabriela@seznam.cz\">kkhgabriela@seznam.cz<\/a>. Trasa nen\u00ed \u00fapln\u011b vhodn\u00e1 pro mal\u00e9 d\u011bti a ko\u010d\u00e1rky. Vhodn\u00e1 pevn\u00e1 obuv, repelent, sva\u010dina a dostatek pit\u00ed. D\u00e9lka trasy cca 3-4 h, vstupn\u00e9 dobrovoln\u00e9. Pr\u016fvodci: Erika Schweserov\u00e1, Petr Binda\u010d, Radim Krav\u010d\u00edk. Po\u0159adatel: Krou\u017eek krojovan\u00fdch horn\u00edk\u016f Gabriela.<\/p>\n<p><strong>Po stop\u00e1ch m\u00edstn\u00ed dr\u00e1hy &#8211; komentovan\u00e1 prohl\u00eddka &#8211; <\/strong>od 14 h. Sraz: n\u00e1dra\u017en\u00ed budova u restaurace Praha (Karvin\u00e1-Nov\u00e9 M\u011bsto), D\u00e9lka nau\u010dn\u00e9 stezky je 2 hodiny, bez rezervace, vstupn\u00e9 dobrovoln\u00e9. Pr\u016fvodce: Ag\u00e1ta Krav\u010d\u00edkova, Radim Krav\u010d\u00edk. Po\u0159adatel: S.O.S. Karvin\u00e1.<\/p>\n<p><strong>\u0160ikm\u00fd kostel sv. Petra z Alkantary<\/strong> \u2013 prohl\u00eddky s pr\u016fvodcem prob\u00edhaj\u00ed od 10:00-18:00 hodin, vstupy pr\u016fb\u011b\u017en\u011b, mo\u017eno i individu\u00e1ln\u011b. Za finan\u010dn\u00edho p\u0159isp\u011bn\u00ed m\u011bsta jsou prohl\u00eddky zdarma. Kostel se nach\u00e1z\u00ed na p\u0159\u00edjezdu do Karvin\u00e9 sm\u011brem od Ostravy, pobl\u00ed\u017e hlavn\u00ed cesty, z kter\u00e9 je z\u0159eteln\u011b viditeln\u00fd. <em>Parkov\u00e1n\u00ed je mo\u017en\u00e9 u kostela.<\/em><\/p>\n<p><img loading=\"lazy\" decoding=\"async\" src=\"https:\/\/www.zamek-frystat.cz\/wp-content\/uploads\/2023\/08\/web-ZF_z-formatu-stojanu-LD_403x285-1024x724.jpg\" alt=\"\" class=\"alignnone size-large wp-image-2805\" width=\"750\" height=\"530\" srcset=\"https:\/\/www.zamek-frystat.cz\/wp-content\/uploads\/2023\/08\/web-ZF_z-formatu-stojanu-LD_403x285-1024x724.jpg 1024w, https:\/\/www.zamek-frystat.cz\/wp-content\/uploads\/2023\/08\/web-ZF_z-formatu-stojanu-LD_403x285-300x212.jpg 300w, https:\/\/www.zamek-frystat.cz\/wp-content\/uploads\/2023\/08\/web-ZF_z-formatu-stojanu-LD_403x285-768x543.jpg 768w, https:\/\/www.zamek-frystat.cz\/wp-content\/uploads\/2023\/08\/web-ZF_z-formatu-stojanu-LD_403x285-1536x1086.jpg 1536w, https:\/\/www.zamek-frystat.cz\/wp-content\/uploads\/2023\/08\/web-ZF_z-formatu-stojanu-LD_403x285.jpg 2000w\" sizes=\"auto, (max-width: 750px) 100vw, 750px\" \/><\/p>\n","protected":false},"excerpt":{"rendered":"<p>Dny evropsk\u00e9ho d\u011bdictv\u00ed ( European Heritage Days) ka\u017edoro\u010dn\u011b v m\u011bs\u00edci z\u00e1\u0159\u00ed otev\u00edraj\u00ed nej\u0161ir\u0161\u00ed ve\u0159ejnosti br\u00e1ny nejzaj\u00edmav\u011bj\u0161\u00edch pam\u00e1tek, budov, objekt\u016f a prostor v\u010detn\u011b t\u011bch, kter\u00e9 jsou jinak z\u010d\u00e1sti nebo zcela nep\u0159\u00edstupn\u00e9. Tak\u00e9 Karvin\u00e1 se ji\u017e \u0159adu let k tomuto projektu hl\u00e1s\u00ed. V Karvin\u00e9 prob\u011bhnou leto\u0161n\u00ed DNY o v\u00edkendu 9. a 10. [&hellip;]<\/p>\n","protected":false},"author":2,"featured_media":0,"comment_status":"closed","ping_status":"closed","sticky":false,"template":"","format":"standard","meta":{"footnotes":""},"categories":[6],"tags":[],"class_list":["post-2782","post","type-post","status-publish","format-standard","hentry","category-aktuality"],"_links":{"self":[{"href":"https:\/\/www.zamek-frystat.cz\/index.php\/wp-json\/wp\/v2\/posts\/2782","targetHints":{"allow":["GET"]}}],"collection":[{"href":"https:\/\/www.zamek-frystat.cz\/index.php\/wp-json\/wp\/v2\/posts"}],"about":[{"href":"https:\/\/www.zamek-frystat.cz\/index.php\/wp-json\/wp\/v2\/types\/post"}],"author":[{"embeddable":true,"href":"https:\/\/www.zamek-frystat.cz\/index.php\/wp-json\/wp\/v2\/users\/2"}],"replies":[{"embeddable":true,"href":"https:\/\/www.zamek-frystat.cz\/index.php\/wp-json\/wp\/v2\/comments?post=2782"}],"version-history":[{"count":12,"href":"https:\/\/www.zamek-frystat.cz\/index.php\/wp-json\/wp\/v2\/posts\/2782\/revisions"}],"predecessor-version":[{"id":2820,"href":"https:\/\/www.zamek-frystat.cz\/index.php\/wp-json\/wp\/v2\/posts\/2782\/revisions\/2820"}],"wp:attachment":[{"href":"https:\/\/www.zamek-frystat.cz\/index.php\/wp-json\/wp\/v2\/media?parent=2782"}],"wp:term":[{"taxonomy":"category","embeddable":true,"href":"https:\/\/www.zamek-frystat.cz\/index.php\/wp-json\/wp\/v2\/categories?post=2782"},{"taxonomy":"post_tag","embeddable":true,"href":"https:\/\/www.zamek-frystat.cz\/index.php\/wp-json\/wp\/v2\/tags?post=2782"}],"curies":[{"name":"wp","href":"https:\/\/api.w.org\/{rel}","templated":true}]}}