{"id":3031,"date":"2024-03-26T15:19:50","date_gmt":"2024-03-26T14:19:50","guid":{"rendered":"https:\/\/www.zamek-frystat.cz\/?p=3031"},"modified":"2024-04-29T13:45:49","modified_gmt":"2024-04-29T12:45:49","slug":"jarni-nabidka","status":"publish","type":"post","link":"https:\/\/www.zamek-frystat.cz\/index.php\/2024\/03\/26\/jarni-nabidka\/","title":{"rendered":"JARN\u00cd NAB\u00cdDKA"},"content":{"rendered":"<p>Po zah\u00e1jen\u00ed hlavn\u00ed sezony z\u00e1mku 30. b\u0159ezna nab\u00edz\u00edme je\u0161t\u011b do za\u010d\u00e1tku pr\u00e1zdnin dva term\u00edny <strong>Prohl\u00eddek s kastel\u00e1nem<\/strong><\/p>\n<ul>\n<li>st\u0159eda 15. kv\u011btna v 10:00 h a v 15:00 h<\/li>\n<li>st\u0159eda 12. \u010dervna v 10:00 h a v 15:00 h<\/li>\n<\/ul>\n<p>Tato prohl\u00eddka vede netradi\u010dn\u00ed trasou z\u00e1mkem a zahrnuje i prostory, kter\u00e9 nejsou sou\u010d\u00e1st\u00ed st\u00e1l\u00fdch prohl\u00eddkov\u00fdch okruh\u016f. Cel\u00e1 prohl\u00eddka trv\u00e1 p\u0159ibli\u017en\u011b 1, 5 hodiny a je vedena kastel\u00e1nem z\u00e1mku. V jedn\u00e9 skupin\u011b n\u00e1v\u0161t\u011bvn\u00edk\u016f m\u016f\u017ee b\u00fdt maxim\u00e1ln\u011b 15 osob. Trasa nen\u00ed, s ohledem na p\u0159ekon\u00e1v\u00e1n\u00ed r\u016fzn\u00fdch v\u00fd\u0161kov\u00fdch \u00farovn\u00ed, p\u0159\u00edstupn\u00e1 pro voz\u00ed\u010dky i pro osoby jinak pohybov\u011b omezen\u00e9. Z\u00e1meck\u00e9 expozice lze fotit pouze v m\u00edstech dle pokyn\u016f pr\u016fvodce. Objemn\u00e9 p\u0159edm\u011bty i kab\u00e1ty doporu\u010dujeme si odlo\u017eit v \u0161atn\u011b, \u00faschova je bezplatn\u00e1.<\/p>\n<p>Z\u00e1kladn\u00ed vstupn\u00e9 150 K\u010d.<\/p>\n<p><img loading=\"lazy\" decoding=\"async\" src=\"https:\/\/www.zamek-frystat.cz\/wp-content\/uploads\/2023\/05\/13x7cm-kastelan-1024x552.jpg\" alt=\"\" width=\"750\" height=\"404\" class=\"alignnone size-large wp-image-2717\" srcset=\"https:\/\/www.zamek-frystat.cz\/wp-content\/uploads\/2023\/05\/13x7cm-kastelan-1024x552.jpg 1024w, https:\/\/www.zamek-frystat.cz\/wp-content\/uploads\/2023\/05\/13x7cm-kastelan-300x162.jpg 300w, https:\/\/www.zamek-frystat.cz\/wp-content\/uploads\/2023\/05\/13x7cm-kastelan-768x414.jpg 768w, https:\/\/www.zamek-frystat.cz\/wp-content\/uploads\/2023\/05\/13x7cm-kastelan.jpg 1535w\" sizes=\"auto, (max-width: 750px) 100vw, 750px\" \/><\/p>\n","protected":false},"excerpt":{"rendered":"<p>Po zah\u00e1jen\u00ed hlavn\u00ed sezony z\u00e1mku 30. b\u0159ezna nab\u00edz\u00edme je\u0161t\u011b do za\u010d\u00e1tku pr\u00e1zdnin dva term\u00edny Prohl\u00eddek s kastel\u00e1nem st\u0159eda 15. kv\u011btna v 10:00 h a v 15:00 h st\u0159eda 12. \u010dervna v 10:00 h a v 15:00 h Tato prohl\u00eddka vede netradi\u010dn\u00ed trasou z\u00e1mkem a zahrnuje i prostory, kter\u00e9 nejsou sou\u010d\u00e1st\u00ed [&hellip;]<\/p>\n","protected":false},"author":2,"featured_media":0,"comment_status":"closed","ping_status":"closed","sticky":false,"template":"","format":"standard","meta":{"footnotes":""},"categories":[6],"tags":[],"class_list":["post-3031","post","type-post","status-publish","format-standard","hentry","category-aktuality"],"_links":{"self":[{"href":"https:\/\/www.zamek-frystat.cz\/index.php\/wp-json\/wp\/v2\/posts\/3031","targetHints":{"allow":["GET"]}}],"collection":[{"href":"https:\/\/www.zamek-frystat.cz\/index.php\/wp-json\/wp\/v2\/posts"}],"about":[{"href":"https:\/\/www.zamek-frystat.cz\/index.php\/wp-json\/wp\/v2\/types\/post"}],"author":[{"embeddable":true,"href":"https:\/\/www.zamek-frystat.cz\/index.php\/wp-json\/wp\/v2\/users\/2"}],"replies":[{"embeddable":true,"href":"https:\/\/www.zamek-frystat.cz\/index.php\/wp-json\/wp\/v2\/comments?post=3031"}],"version-history":[{"count":4,"href":"https:\/\/www.zamek-frystat.cz\/index.php\/wp-json\/wp\/v2\/posts\/3031\/revisions"}],"predecessor-version":[{"id":3038,"href":"https:\/\/www.zamek-frystat.cz\/index.php\/wp-json\/wp\/v2\/posts\/3031\/revisions\/3038"}],"wp:attachment":[{"href":"https:\/\/www.zamek-frystat.cz\/index.php\/wp-json\/wp\/v2\/media?parent=3031"}],"wp:term":[{"taxonomy":"category","embeddable":true,"href":"https:\/\/www.zamek-frystat.cz\/index.php\/wp-json\/wp\/v2\/categories?post=3031"},{"taxonomy":"post_tag","embeddable":true,"href":"https:\/\/www.zamek-frystat.cz\/index.php\/wp-json\/wp\/v2\/tags?post=3031"}],"curies":[{"name":"wp","href":"https:\/\/api.w.org\/{rel}","templated":true}]}}