{"id":3185,"date":"2024-08-19T16:16:29","date_gmt":"2024-08-19T15:16:29","guid":{"rendered":"https:\/\/www.zamek-frystat.cz\/?p=3185"},"modified":"2024-09-12T06:06:51","modified_gmt":"2024-09-12T05:06:51","slug":"8-9-a-13-15-9-dny-evropskeho-dedictvi-v-karvine","status":"publish","type":"post","link":"https:\/\/www.zamek-frystat.cz\/index.php\/2024\/08\/19\/8-9-a-13-15-9-dny-evropskeho-dedictvi-v-karvine\/","title":{"rendered":"8. 9. a 13.-15. 9. DNY EVROPSK\u00c9HO D\u011aDICTV\u00cd V KARVIN\u00c9"},"content":{"rendered":"<p>Dny evropsk\u00e9ho d\u011bdictv\u00ed ( European Heritage Days) ka\u017edoro\u010dn\u011b v m\u011bs\u00edci z\u00e1\u0159\u00ed otev\u00edraj\u00ed \u0161irok\u00e9 ve\u0159ejnosti br\u00e1ny nejzaj\u00edmav\u011bj\u0161\u00edch pam\u00e1tek, budov, objekt\u016f a prostor v\u010detn\u011b t\u011bch, kter\u00e9 jsou jinak z\u010d\u00e1sti nebo zcela nep\u0159\u00edstupn\u00e9.<\/p>\n<p>Tak\u00e9 Karvin\u00e1 se ji\u017e \u0159adu let k tomuto projektu hl\u00e1s\u00ed. V Karvin\u00e9 prob\u011bhnou leto\u0161n\u00ed DNY b\u011bhem dvou v\u00edkend\u016f od 8. z\u00e1\u0159\u00ed do 15. z\u00e1\u0159\u00ed, a to v n\u011bkolika objektech a na n\u011bkolika m\u00edstech. Tradi\u010dn\u011b zveme na z\u00e1mek Fry\u0161t\u00e1t, radnici, do kostela Pov\u00fd\u0161eni sv. K\u0159\u00ed\u017ee, kostela sv. Marka v centru m\u011bsta a \u0161ikm\u00e9ho kostela sv. Petra z Alkantary v Dolech. Sou\u010d\u00e1st\u00ed je i nab\u00eddka proj\u00ed\u017e\u010fky starou Karvinnou a proch\u00e1zek kolem Dolu Barbora.<\/p>\n<p><img loading=\"lazy\" decoding=\"async\" src=\"https:\/\/www.zamek-frystat.cz\/wp-content\/uploads\/2024\/08\/KZ-194x134-pro-WEB-ZF-1024x707.jpg\" alt=\"\" width=\"750\" height=\"518\" class=\"alignnone size-large wp-image-3218\" srcset=\"https:\/\/www.zamek-frystat.cz\/wp-content\/uploads\/2024\/08\/KZ-194x134-pro-WEB-ZF-1024x707.jpg 1024w, https:\/\/www.zamek-frystat.cz\/wp-content\/uploads\/2024\/08\/KZ-194x134-pro-WEB-ZF-300x207.jpg 300w, https:\/\/www.zamek-frystat.cz\/wp-content\/uploads\/2024\/08\/KZ-194x134-pro-WEB-ZF-768x530.jpg 768w, https:\/\/www.zamek-frystat.cz\/wp-content\/uploads\/2024\/08\/KZ-194x134-pro-WEB-ZF-1536x1061.jpg 1536w, https:\/\/www.zamek-frystat.cz\/wp-content\/uploads\/2024\/08\/KZ-194x134-pro-WEB-ZF.jpg 2000w\" sizes=\"auto, (max-width: 750px) 100vw, 750px\" \/><\/p>\n<p>Zde si p\u0159e\u010dt\u011bte program:<\/p>\n<ul>\n<li><span style=\"color: #800000;\"><em>ned\u011ble 8. z\u00e1\u0159\u00ed<\/em><\/span><\/li>\n<\/ul>\n<p><strong>Are\u00e1l b\u00fdval\u00e9ho dolu Barbora &#8211; \u010cern\u00e9 zlato. Den s Krou\u017ekem krojovan\u00fdch horn\u00edk\u016f Gabriela.\u00a0<\/strong> Zaji\u0161\u0165uje KKH Gabriela. Prob\u00edh\u00e1 od 10:00 do 17:00 h.<\/p>\n<p>Program:<br \/>\n1) 10:00 &#8211; 12:00 h<br \/>\nOd Barbory k Mexiku a zp\u011bt.<br \/>\nKomentovan\u00e1 prohl\u00eddka Krou\u017eku krojovan\u00fdch horn\u00edk\u016f Gabriela a spolku Olza Pro.<\/p>\n<p>2) 10:15, 12:15, 13:15 a 15:15 h<br \/>\nKomentovan\u00e9 prohl\u00eddky are\u00e1lu dolu Barbora.<br \/>\nD\u00e9lka prohl\u00eddky cca 30 min<\/p>\n<p>3) 13:00-14:00 h<br \/>\nP\u0159edn\u00e1\u0161ka: Mapov\u00fd port\u00e1l KARVINSKO ve stop\u00e1ch \u010dasu<br \/>\nMgr. Marek Trojak, informatik, St\u00e1tn\u00ed okresn\u00ed archiv Karvin\u00e1<\/p>\n<p>4) 14:30-15:30 h<br \/>\nP\u0159edn\u00e1\u0161ka: Zajateck\u00e9 a pracovn\u00ed t\u00e1bory na Karvinsku v dob\u011b 2. sv\u011btov\u00e9 v\u00e1lky<br \/>\nMgr. Martin Kr\u016fl, Ph.D., historik Muzea T\u011b\u0161\u00ednska<\/p>\n<p>5) 16:00-17:00 h<br \/>\nP\u0159edn\u00e1\u0161ka: Zanikl\u00e1 Karvin\u00e1 jako p\u0159edm\u011bt archeologick\u00e9ho v\u00fdzkumu<br \/>\nMgr. Michal Zezula, Ph.D., \u0159editel \u00fazemn\u00edho odborn\u00e9ho pracovi\u0161t\u011b NP\u00da v Ostrav\u011b<\/p>\n<p>5) Doprovodn\u00fd program<br \/>\n10:00 -16:00 h<br \/>\nSt\u00e1nek a prezentace Krou\u017eku krojovan\u00fdch horn\u00edk\u016f Gabriela, z. s.<\/p>\n<p>U v\u0161ech akc\u00ed dobrovoln\u00e9 vstupn\u00e9.<\/p>\n<ul>\n<li><span style=\"color: #800000;\"><em>p\u00e1tek 13. z\u00e1\u0159\u00ed<\/em><\/span><\/li>\n<\/ul>\n<p><strong>Z\u00e1mek Fry\u0161t\u00e1t &#8211; otev\u0159en\u00ed st\u00e1l\u00e9 expozice N\u00e1rodn\u00ed galerie Praha &#8220; Hav\u00ed\u0159sk\u00e1 balada: sto rok\u016f hornictv\u00ed v um\u011bn\u00ed&#8220;<\/strong> \u2013 prohl\u00eddky dle kapacitn\u00edch mo\u017enost\u00ed od 10:00-16:30 h (posledn\u00ed vstup). Vstup zdarma.<\/p>\n<ul>\n<li><span style=\"color: #800000;\"><em>sobota 14. z\u00e1\u0159\u00ed<\/em><\/span><\/li>\n<\/ul>\n<p><strong>Z\u00e1mek Fry\u0161t\u00e1t a kostel Pov\u00fd\u0161en\u00ed sv. K\u0159\u00ed\u017ee<\/strong> \u2013 <strong>spole\u010dn\u00e9 prohl\u00eddky<\/strong> z\u00e1mku a kostela s hodinov\u00fdmi vstupy v \u010dasech od 10:30-16:30 h (posledn\u00ed vstup). Pr\u016fb\u011bh prohl\u00eddky: p\u0159ibli\u017en\u011b 30 minut v z\u00e1meck\u00fdch komnat\u00e1ch s pr\u016fvodcem ze z\u00e1mku a pot\u00e9 se p\u0159ejde spojovac\u00ed chodbi\u010dkou do orato\u0159e kostela, kde prohl\u00eddka pokra\u010duje s pr\u016fvodcem farnosti dal\u0161\u00ed cca p\u016flhodinu. Vstupn\u00e9 dle n\u00e1v\u0161t\u011bvn\u00edho \u0159\u00e1du, z\u00e1kladn\u00ed 100 K\u010d.<\/p>\n<p><strong>Z\u00e1mek Fry\u0161t\u00e1t<\/strong> \u2013 <strong>historick\u00e9 ske\u010de<\/strong> Divadla bez st\u0159echy. Prohl\u00eddky za\u010d\u00ednaj\u00ed v ka\u017edou celou hodinu od 10:00 do 16:00 h (posledn\u00ed vstup). T\u00e9ma: humorn\u00e9 sc\u00e9nky ze \u017eivota m\u00edstn\u00ed \u0161lechty. Vstupn\u00e9 dle n\u00e1v\u0161t\u011bvn\u00edho \u0159\u00e1du, z\u00e1kladn\u00ed 100 K\u010d.<\/p>\n<p><strong>Kostel sv. Marka <\/strong>\u2013 prohl\u00eddky s pr\u016fvodcem prob\u00edhaj\u00ed od 10:00-17:00 hodin, vstupy pr\u016fb\u011b\u017en\u011b, mo\u017eno i individu\u00e1ln\u011b. Za finan\u010dn\u00edho p\u0159isp\u011bn\u00ed m\u011bsta jsou prohl\u00eddky zdarma. Kostel se nach\u00e1z\u00ed pobl\u00ed\u017e Masarykova n\u00e1m\u011bst\u00ed, naproti budovy magistr\u00e1tu.<\/p>\n<p><strong>Radnice<\/strong> \u2013 prohl\u00eddky historick\u00e9ho s\u00eddla veden\u00ed statut\u00e1rn\u00edho m\u011bsta Karvin\u00e9 s pr\u016fvodcem za\u010d\u00ednaj\u00ed ka\u017edou celou hodinu od 10:00-16:00 hodin (posledn\u00ed vstup) a jsou zdarma. Radnice se nach\u00e1z\u00ed p\u0159\u00edmo na Masarykov\u011b n\u00e1m\u011bst\u00ed, vstup z Fry\u0161t\u00e1tsk\u00e9 ulice.<\/p>\n<p><strong>Ko\u010d\u00e1rov\u00e9 j\u00edzdy<\/strong> \u2013 z\u00e1meck\u00fdm parkem. Obl\u00edben\u00e9 romantick\u00e9 j\u00edzdy ko\u010d\u00e1rem s ko\u0148sk\u00fdm dvojsp\u0159e\u017een\u00edm budou prob\u00edhat mezi 13:00 a 16:00 h, ka\u017edou \u010dtvrthodinu, se stanovi\u0161t\u011bm p\u0159ed z\u00e1mkem. J\u00edzdn\u00e9 80K\u010d\/ko\u010d\u00e1r\/j\u00edzda. <em>Jsou v\u00e1z\u00e1ny na z\u00e1meck\u00e9 prohl\u00eddky!<\/em><\/p>\n<p><em>Parkovat pobl\u00ed\u017e n\u00e1m\u011bst\u00ed je mo\u017eno na parkovi\u0161t\u00edch pod Priorem, u budov magistr\u00e1tu, u letn\u00edho kina.<\/em><\/p>\n<p><strong>\u0160ikm\u00fd kostel sv. Petra z Alkantary<\/strong> \u2013 prohl\u00eddky s pr\u016fvodcem prob\u00edhaj\u00ed od 10:00-18:00 hodin, vstupy pr\u016fb\u011b\u017en\u011b, mo\u017eno i individu\u00e1ln\u011b. Za finan\u010dn\u00edho p\u0159isp\u011bn\u00ed m\u011bsta jsou prohl\u00eddky zdarma. Kostel se nach\u00e1z\u00ed na p\u0159\u00edjezdu do Karvin\u00e9 sm\u011brem od Ostravy, pobl\u00ed\u017e hlavn\u00ed cesty, z kter\u00e9 je z\u0159eteln\u011b viditeln\u00fd. <em>Parkov\u00e1n\u00ed je mo\u017en\u00e9 u kostela.<\/em><\/p>\n<ul>\n<li><span style=\"color: #800000;\"><em>ned\u011ble 15. z\u00e1\u0159\u00ed<\/em><\/span><\/li>\n<\/ul>\n<p><strong>\u0160ikm\u00fd kostel sv. Petra z Alkantary<\/strong> \u2013 prohl\u00eddky s pr\u016fvodcem prob\u00edhaj\u00ed od 11:30-18:00 hodin, vstupy pr\u016fb\u011b\u017en\u011b, mo\u017eno i individu\u00e1ln\u011b. Za finan\u010dn\u00edho p\u0159isp\u011bn\u00ed m\u011bsta jsou prohl\u00eddky zdarma. Kostel se nach\u00e1z\u00ed na p\u0159\u00edjezdu do Karvin\u00e9 sm\u011brem od Ostravy, pobl\u00ed\u017e hlavn\u00ed cesty, z kter\u00e9 je z\u0159eteln\u011b viditeln\u00fd. <em>Parkov\u00e1n\u00ed je mo\u017en\u00e9 u kostela.<\/em><\/p>\n<p><strong>Retroautobus<\/strong> \u2013 P\u0159ipojte se k vyj\u00ed\u017e\u010fce historick\u00fdm autobusem do krajiny \u0161ikm\u00e9ho kostela a poznejte p\u0159\u00edb\u011bh vzestupu a z\u00e1niku star\u00e9 Karvinn\u00e9. B\u011bhem cesty nav\u0161t\u00edv\u00edme doly Gabriela a Barbora, m\u00edsta star\u00fdch hornick\u00fdch koloni\u00ed Nov\u00fd York a Mexiko s bl\u00edzk\u00fdm zanikl\u00fdm h\u0159bitovem a zastav\u00edme se tak\u00e9 v centru star\u00e9 Karvinn\u00e9 v m\u00edstech, kde st\u00e1la honosn\u00e1 radnice s kostelem sv. Jind\u0159icha. Poznejte \u017eivot obyvatel uheln\u00e9ho kraje v dob\u00e1ch nejv\u011bt\u0161\u00edho rozmachu dolov\u00e1n\u00ed!<\/p>\n<p>Organiza\u010dn\u00ed informace k vyj\u00ed\u017e\u010fce retrobusem:<\/p>\n<p>Dv\u011b j\u00edzdy, ka\u017ed\u00e1 o d\u00e9lce cca 3,5 h, se uskute\u010dn\u00ed v ned\u011bli 15. 9. v 9:00 a 13:00, prov\u00e1z\u00ed Mgr. Tom\u00e1\u0161 Majli\u0161. J\u00edzdn\u00e9 se plat\u00ed na pokladn\u011b z\u00e1mku: 200 K\u010d\/sedadlo\/v\u00fdlet.<\/p>\n<p><strong>Trasa:\u00a0<\/strong><\/p>\n<ul>\n<li>Z\u00e1mek Fry\u0161t\u00e1t -&gt; Karvin\u00e1 Doly -&gt; D\u016fl Gabriela -&gt; m\u00edstn\u00ed dr\u00e1ha Ostrava-Karvin\u00e1 -&gt; kostel sv. Petra z Alkantary\u00a0-&gt; d\u016fln\u00ed ne\u0161t\u011bst\u00ed a h\u0159bitov v Karvin\u00e9 Dolech -&gt; Star\u00e1 Karvinn\u00e1 (m\u00edsta, kde se nach\u00e1zela radnice, sv. Jind\u0159ich, pivovar, pov\u00edd\u00e1n\u00ed o z\u00e1mku Solca a hrobce) -&gt; j\u00e1ma Barbora -&gt; kolonie Nov\u00fd York a Mexiko -&gt; Evangelick\u00fd h\u0159bitov -&gt; cesta zp\u011bt.<\/li>\n<\/ul>\n<p><strong>Dal\u0161\u00ed:<\/strong> na jednotliv\u00fdch lokalit\u00e1ch si p\u0159edstav\u00edme v\u00edce ne\u017e 80 historick\u00fdch sn\u00edmk\u016f spojen\u00fdch s m\u00edsty, kter\u00fdmi budeme proch\u00e1zet<\/p>\n<p><strong>N\u00e1ro\u010dnost:<\/strong> Na zast\u00e1vk\u00e1ch se pohybujeme p\u0159ev\u00e1\u017en\u011b v okol\u00ed autobusu. &#8222;Del\u0161\u00ed&#8220; ch\u016fze je na dvou zast\u00e1vk\u00e1ch = 300 m od kostela sv. Petra z Alkantary k dolu Gabriela a 250 m od silnice k evangelick\u00e9mu h\u0159bitovu.<\/p>\n<p>Vyj\u00ed\u017e\u010fka je koncipov\u00e1na tak, \u017ee na ka\u017ed\u00e9 zast\u00e1vce pr\u016fvodce p\u0159edstav\u00ed, co n\u00e1v\u0161t\u011bvn\u00edky \u010dek\u00e1. Pokud nebudou cht\u00edt k dolu Gabriela, mohou si prohl\u00e9dnout sami okol\u00ed \u0161ikm\u00e9ho kostela a p\u0159ipojit se ke skupin\u011b po n\u00e1vratu od dolu. Stejn\u011b tak m\u00edsto evangelick\u00e9ho h\u0159bitova mohou vy\u010dkat s panem \u0159idi\u010dem u autobusu.<\/p>\n<p><strong>Co s sebou: <\/strong>obuv do p\u0159\u00edrody (pohybujeme se po asfaltu \u010di p\u0159\u00edrodn\u00edch vy\u0161lapan\u00fdch chodn\u00edc\u00edch), pit\u00ed, sva\u010dina (trasa m\u00e1 3,5 h).<\/p>\n<p><em>Vstupenky u placen\u00fdch vstup\u016f lze zakoupit ji\u017e od\u00a0 10. z\u00e1\u0159\u00ed.<\/em><\/p>\n","protected":false},"excerpt":{"rendered":"<p>Dny evropsk\u00e9ho d\u011bdictv\u00ed ( European Heritage Days) ka\u017edoro\u010dn\u011b v m\u011bs\u00edci z\u00e1\u0159\u00ed otev\u00edraj\u00ed \u0161irok\u00e9 ve\u0159ejnosti br\u00e1ny nejzaj\u00edmav\u011bj\u0161\u00edch pam\u00e1tek, budov, objekt\u016f a prostor v\u010detn\u011b t\u011bch, kter\u00e9 jsou jinak z\u010d\u00e1sti nebo zcela nep\u0159\u00edstupn\u00e9. Tak\u00e9 Karvin\u00e1 se ji\u017e \u0159adu let k tomuto projektu hl\u00e1s\u00ed. V Karvin\u00e9 prob\u011bhnou leto\u0161n\u00ed DNY b\u011bhem dvou v\u00edkend\u016f od 8. [&hellip;]<\/p>\n","protected":false},"author":2,"featured_media":0,"comment_status":"closed","ping_status":"closed","sticky":false,"template":"","format":"standard","meta":{"footnotes":""},"categories":[6],"tags":[],"class_list":["post-3185","post","type-post","status-publish","format-standard","hentry","category-aktuality"],"_links":{"self":[{"href":"https:\/\/www.zamek-frystat.cz\/index.php\/wp-json\/wp\/v2\/posts\/3185","targetHints":{"allow":["GET"]}}],"collection":[{"href":"https:\/\/www.zamek-frystat.cz\/index.php\/wp-json\/wp\/v2\/posts"}],"about":[{"href":"https:\/\/www.zamek-frystat.cz\/index.php\/wp-json\/wp\/v2\/types\/post"}],"author":[{"embeddable":true,"href":"https:\/\/www.zamek-frystat.cz\/index.php\/wp-json\/wp\/v2\/users\/2"}],"replies":[{"embeddable":true,"href":"https:\/\/www.zamek-frystat.cz\/index.php\/wp-json\/wp\/v2\/comments?post=3185"}],"version-history":[{"count":18,"href":"https:\/\/www.zamek-frystat.cz\/index.php\/wp-json\/wp\/v2\/posts\/3185\/revisions"}],"predecessor-version":[{"id":3241,"href":"https:\/\/www.zamek-frystat.cz\/index.php\/wp-json\/wp\/v2\/posts\/3185\/revisions\/3241"}],"wp:attachment":[{"href":"https:\/\/www.zamek-frystat.cz\/index.php\/wp-json\/wp\/v2\/media?parent=3185"}],"wp:term":[{"taxonomy":"category","embeddable":true,"href":"https:\/\/www.zamek-frystat.cz\/index.php\/wp-json\/wp\/v2\/categories?post=3185"},{"taxonomy":"post_tag","embeddable":true,"href":"https:\/\/www.zamek-frystat.cz\/index.php\/wp-json\/wp\/v2\/tags?post=3185"}],"curies":[{"name":"wp","href":"https:\/\/api.w.org\/{rel}","templated":true}]}}