{"id":3233,"date":"2024-09-05T11:23:22","date_gmt":"2024-09-05T10:23:22","guid":{"rendered":"https:\/\/www.zamek-frystat.cz\/?p=3233"},"modified":"2025-03-20T09:50:57","modified_gmt":"2025-03-20T08:50:57","slug":"hlavni-sezona-zamku-stale-bezi-2","status":"publish","type":"post","link":"https:\/\/www.zamek-frystat.cz\/index.php\/2024\/09\/05\/hlavni-sezona-zamku-stale-bezi-2\/","title":{"rendered":"MIMOSEZONN\u00cd PROVOZ Z\u00c1MKU"},"content":{"rendered":"<p>AKTU\u00c1LN\u011a &#8211; <strong>v p\u00e1tek 28. b\u0159ezna<\/strong> je z\u00e1mek z provozn\u00edch d\u016fvod\u016f <strong>UZAV\u0158EN<\/strong>!<\/p>\n<p>Od listopadu 2024 do konce b\u0159ezna 2025 je z\u00e1mek otev\u0159en\u00fd n\u00e1sledovn\u011b:<\/p>\n<p><strong>Dva st\u00e1l\u00e9 prohl\u00eddkov\u00e9 okruhy<\/strong> z\u00e1meck\u00fdmi komnatami jsou ve vybran\u00fdch \u010dasech, tj. <strong>v 11:00 a 13:00 h<\/strong> otev\u0159en\u00e9 <strong>o v\u00edkendech<\/strong>. V\u00fdjimkou jsou prvn\u00ed soboty v kalend\u00e1\u0159n\u00edm m\u011bs\u00edci, kdy b\u00fdv\u00e1 s ohledem na mo\u017en\u00e9 kon\u00e1n\u00ed svateb, k dispozici pouze 2. okruh.<\/p>\n<p>Mimo uveden\u00e9 v\u00edkendov\u00e9 \u010dasy lze prohl\u00eddky objednat po dohod\u011b se spr\u00e1vou z\u00e1mku.<\/p>\n<p><strong>T\u0159et\u00ed trasa &#8211; expozice ze sb\u00edrek N\u00e1rodn\u00ed gaerie Praha<\/strong> je v tomto obdob\u00ed zp\u0159\u00edstupn\u011bna <strong>od \u00fater\u00fd do ned\u011ble, od 10:00 h do 16:00 h<\/strong>. Aktu\u00e1ln\u011b nab\u00edz\u00edme novou expozici s n\u00e1zvem &#8222;Hav\u00ed\u0159sk\u00e1 balada: Sto rok\u016f hornictv\u00ed v um\u011bn\u00ed&#8220;.<\/p>\n<p><strong>6. prosince BLACK FRIDAY<\/strong> na z\u00e1mku &#8211; otev\u0159eno jako v sez\u00f3n\u011b za b\u011b\u017enou cenu.<\/p>\n<p><strong>14. prosince<\/strong> se kon\u00e1 akce <strong>V\u00c1NOCE NA Z\u00c1MKU<\/strong> s divadeln\u00edm p\u0159edstaven\u00edm.<\/p>\n<p><strong>Provozn\u00ed doba ke konci roku 2024<\/strong>: z\u00e1mek je uzav\u0159en od 23. do 27. prosince a od 30. prosince 2024 do 1. ledna 2025.<\/p>\n<p>Na p\u0159elomu ledna a \u00fanora je otev\u0159eno v r\u00e1mci akce <strong>LEDOV\u00c1 M\u011aSTA <\/strong>&#8211; v\u00edce k akci najdete v <a href=\"https:\/\/www.zamek-frystat.cz\/index.php\/2024\/09\/24\/streda-15-kvetna-prohlidky-s-kastelanem\/\">aktualit\u00e1ch<\/a>.<\/p>\n<p><strong>28. b\u0159ezna<\/strong> (p\u00e1tek) je z\u00e1mek z provozn\u00edch d\u016fvod\u016f <strong>UZAV\u0158EN<\/strong>!<\/p>\n<p>V\u00edce v INFORMAC\u00cdCH PRO N\u00c1V\u0160T\u011aVN\u00cdKY.<\/p>\n<p><img loading=\"lazy\" decoding=\"async\" src=\"https:\/\/www.zamek-frystat.cz\/wp-content\/uploads\/2024\/09\/NG_havirska_balada_TISK_plakat_vozik_1250x600mm_16_8_2024-1024x498.jpg\" alt=\"\" width=\"750\" height=\"365\" class=\"alignnone size-large wp-image-3234\" srcset=\"https:\/\/www.zamek-frystat.cz\/wp-content\/uploads\/2024\/09\/NG_havirska_balada_TISK_plakat_vozik_1250x600mm_16_8_2024-1024x498.jpg 1024w, https:\/\/www.zamek-frystat.cz\/wp-content\/uploads\/2024\/09\/NG_havirska_balada_TISK_plakat_vozik_1250x600mm_16_8_2024-300x146.jpg 300w, https:\/\/www.zamek-frystat.cz\/wp-content\/uploads\/2024\/09\/NG_havirska_balada_TISK_plakat_vozik_1250x600mm_16_8_2024-768x373.jpg 768w, https:\/\/www.zamek-frystat.cz\/wp-content\/uploads\/2024\/09\/NG_havirska_balada_TISK_plakat_vozik_1250x600mm_16_8_2024-1536x747.jpg 1536w, https:\/\/www.zamek-frystat.cz\/wp-content\/uploads\/2024\/09\/NG_havirska_balada_TISK_plakat_vozik_1250x600mm_16_8_2024-2048x995.jpg 2048w\" sizes=\"auto, (max-width: 750px) 100vw, 750px\" \/><\/p>\n","protected":false},"excerpt":{"rendered":"<p>AKTU\u00c1LN\u011a &#8211; v p\u00e1tek 28. b\u0159ezna je z\u00e1mek z provozn\u00edch d\u016fvod\u016f UZAV\u0158EN! Od listopadu 2024 do konce b\u0159ezna 2025 je z\u00e1mek otev\u0159en\u00fd n\u00e1sledovn\u011b: Dva st\u00e1l\u00e9 prohl\u00eddkov\u00e9 okruhy z\u00e1meck\u00fdmi komnatami jsou ve vybran\u00fdch \u010dasech, tj. v 11:00 a 13:00 h otev\u0159en\u00e9 o v\u00edkendech. V\u00fdjimkou jsou prvn\u00ed soboty v kalend\u00e1\u0159n\u00edm m\u011bs\u00edci, kdy [&hellip;]<\/p>\n","protected":false},"author":2,"featured_media":0,"comment_status":"closed","ping_status":"closed","sticky":false,"template":"","format":"standard","meta":{"footnotes":""},"categories":[5],"tags":[],"class_list":["post-3233","post","type-post","status-publish","format-standard","hentry","category-informace"],"_links":{"self":[{"href":"https:\/\/www.zamek-frystat.cz\/index.php\/wp-json\/wp\/v2\/posts\/3233","targetHints":{"allow":["GET"]}}],"collection":[{"href":"https:\/\/www.zamek-frystat.cz\/index.php\/wp-json\/wp\/v2\/posts"}],"about":[{"href":"https:\/\/www.zamek-frystat.cz\/index.php\/wp-json\/wp\/v2\/types\/post"}],"author":[{"embeddable":true,"href":"https:\/\/www.zamek-frystat.cz\/index.php\/wp-json\/wp\/v2\/users\/2"}],"replies":[{"embeddable":true,"href":"https:\/\/www.zamek-frystat.cz\/index.php\/wp-json\/wp\/v2\/comments?post=3233"}],"version-history":[{"count":14,"href":"https:\/\/www.zamek-frystat.cz\/index.php\/wp-json\/wp\/v2\/posts\/3233\/revisions"}],"predecessor-version":[{"id":3379,"href":"https:\/\/www.zamek-frystat.cz\/index.php\/wp-json\/wp\/v2\/posts\/3233\/revisions\/3379"}],"wp:attachment":[{"href":"https:\/\/www.zamek-frystat.cz\/index.php\/wp-json\/wp\/v2\/media?parent=3233"}],"wp:term":[{"taxonomy":"category","embeddable":true,"href":"https:\/\/www.zamek-frystat.cz\/index.php\/wp-json\/wp\/v2\/categories?post=3233"},{"taxonomy":"post_tag","embeddable":true,"href":"https:\/\/www.zamek-frystat.cz\/index.php\/wp-json\/wp\/v2\/tags?post=3233"}],"curies":[{"name":"wp","href":"https:\/\/api.w.org\/{rel}","templated":true}]}}