{"id":3406,"date":"2025-04-01T07:41:54","date_gmt":"2025-04-01T06:41:54","guid":{"rendered":"https:\/\/www.zamek-frystat.cz\/?p=3406"},"modified":"2025-04-01T08:27:40","modified_gmt":"2025-04-01T07:27:40","slug":"18-dubna-mezinarodni-den-pamatek","status":"publish","type":"post","link":"https:\/\/www.zamek-frystat.cz\/index.php\/2025\/04\/01\/18-dubna-mezinarodni-den-pamatek\/","title":{"rendered":"18. dubna Mezin\u00e1rodn\u00ed den pam\u00e1tek"},"content":{"rendered":"<p>Letos se n\u00e1m se\u0161ly dva v\u00fdznamn\u00e9 dny. V p\u00e1tek 18. dubna na z\u00e1mku oslav\u00edme tradi\u010dn\u00ed Mezin\u00e1rodn\u00ed den pam\u00e1tek a historick\u00fdch s\u00eddel slevou na vstupn\u00e9m. Motto t\u00e9to akce je &#8222;na z\u00e1mek za polovic&#8220;. Otev\u0159eno je od 10 do 17 h s posledn\u00ed prohl\u00eddkou v 16 h. Intervaly vstup\u016f jsou ka\u017edou celou hodinu a d\u00e1le dle pokyn\u016f pokladn\u00ed.<\/p>\n<p>Z\u00e1rove\u0148 zrovna na tento den p\u0159ipadl letos Velikono\u010dn\u00ed p\u00e1tek, tak\u017ee se d\u00e1 p\u0159edpokl\u00e1dat v\u011bt\u0161\u00ed n\u00e1v\u0161t\u011bvnost ne\u017e obvykle, s ohledem na voln\u00fd den. Kapacity z\u00e1mku jsou omezen\u00e9 a m\u016f\u017ee se st\u00e1t, \u017ee se na prohl\u00eddku podle p\u0159edstav nedostanete. Nezoufejte, v\u011b\u0159\u00edme, \u017ee ti, kdo\u017e maj\u00ed mo\u017enost z\u00e1mek nav\u0161t\u00edvit v jin\u00e9 dny, toho vyu\u017eij\u00ed.<\/p>\n<p>T\u011b\u0161\u00edme se na Va\u0161i n\u00e1v\u0161t\u011bvu a v\u011b\u0159\u00edme, \u017ee budete spokojeni.<\/p>\n<p><img loading=\"lazy\" decoding=\"async\" src=\"https:\/\/www.zamek-frystat.cz\/wp-content\/uploads\/2016\/08\/586.Z\u00e1mek-Fry\u0161t\u00e1t-17-1024x683.jpg\" alt=\"\" width=\"750\" height=\"500\" class=\"alignnone size-large wp-image-580\" srcset=\"https:\/\/www.zamek-frystat.cz\/wp-content\/uploads\/2016\/08\/586.Z\u00e1mek-Fry\u0161t\u00e1t-17-1024x683.jpg 1024w, https:\/\/www.zamek-frystat.cz\/wp-content\/uploads\/2016\/08\/586.Z\u00e1mek-Fry\u0161t\u00e1t-17-300x200.jpg 300w, https:\/\/www.zamek-frystat.cz\/wp-content\/uploads\/2016\/08\/586.Z\u00e1mek-Fry\u0161t\u00e1t-17-768x512.jpg 768w\" sizes=\"auto, (max-width: 750px) 100vw, 750px\" \/><\/p>\n<p>&nbsp;<\/p>\n<p>&nbsp;<\/p>\n","protected":false},"excerpt":{"rendered":"<p>Letos se n\u00e1m se\u0161ly dva v\u00fdznamn\u00e9 dny. V p\u00e1tek 18. dubna na z\u00e1mku oslav\u00edme tradi\u010dn\u00ed Mezin\u00e1rodn\u00ed den pam\u00e1tek a historick\u00fdch s\u00eddel slevou na vstupn\u00e9m. Motto t\u00e9to akce je &#8222;na z\u00e1mek za polovic&#8220;. Otev\u0159eno je od 10 do 17 h s posledn\u00ed prohl\u00eddkou v 16 h. Intervaly vstup\u016f jsou ka\u017edou celou [&hellip;]<\/p>\n","protected":false},"author":2,"featured_media":0,"comment_status":"closed","ping_status":"closed","sticky":false,"template":"","format":"standard","meta":{"footnotes":""},"categories":[6],"tags":[],"class_list":["post-3406","post","type-post","status-publish","format-standard","hentry","category-aktuality"],"_links":{"self":[{"href":"https:\/\/www.zamek-frystat.cz\/index.php\/wp-json\/wp\/v2\/posts\/3406","targetHints":{"allow":["GET"]}}],"collection":[{"href":"https:\/\/www.zamek-frystat.cz\/index.php\/wp-json\/wp\/v2\/posts"}],"about":[{"href":"https:\/\/www.zamek-frystat.cz\/index.php\/wp-json\/wp\/v2\/types\/post"}],"author":[{"embeddable":true,"href":"https:\/\/www.zamek-frystat.cz\/index.php\/wp-json\/wp\/v2\/users\/2"}],"replies":[{"embeddable":true,"href":"https:\/\/www.zamek-frystat.cz\/index.php\/wp-json\/wp\/v2\/comments?post=3406"}],"version-history":[{"count":4,"href":"https:\/\/www.zamek-frystat.cz\/index.php\/wp-json\/wp\/v2\/posts\/3406\/revisions"}],"predecessor-version":[{"id":3413,"href":"https:\/\/www.zamek-frystat.cz\/index.php\/wp-json\/wp\/v2\/posts\/3406\/revisions\/3413"}],"wp:attachment":[{"href":"https:\/\/www.zamek-frystat.cz\/index.php\/wp-json\/wp\/v2\/media?parent=3406"}],"wp:term":[{"taxonomy":"category","embeddable":true,"href":"https:\/\/www.zamek-frystat.cz\/index.php\/wp-json\/wp\/v2\/categories?post=3406"},{"taxonomy":"post_tag","embeddable":true,"href":"https:\/\/www.zamek-frystat.cz\/index.php\/wp-json\/wp\/v2\/tags?post=3406"}],"curies":[{"name":"wp","href":"https:\/\/api.w.org\/{rel}","templated":true}]}}