{"id":512,"date":"2016-10-27T18:18:19","date_gmt":"2016-10-27T17:18:19","guid":{"rendered":"http:\/\/www.zamek-frystat.cz\/?p=512"},"modified":"2016-11-28T09:50:13","modified_gmt":"2016-11-28T08:50:13","slug":"mimosezonni-provoz-zamku","status":"publish","type":"post","link":"https:\/\/www.zamek-frystat.cz\/index.php\/2016\/10\/27\/mimosezonni-provoz-zamku\/","title":{"rendered":"Mimosezonn\u00ed provoz z\u00e1mku"},"content":{"rendered":"<p><strong>Hlavn\u00ed sezona z\u00e1mku sice skon\u010dila, ale z\u00e1meck\u00e9 komnaty m\u016f\u017eete nav\u0161t\u00edvit i mimo sezonu!<\/strong><\/p>\n<p>Leto\u0161n\u00ed \u00fasp\u011b\u0161n\u00e1 z\u00e1meck\u00e1 sezona ji\u017e skon\u010dila, ale karvinsk\u00fd z\u00e1mek nesp\u00ed ani v\u00a0zim\u011b. Krom\u011b toho, \u017ee zde m\u016f\u017eete po cel\u00fd rok od \u00fater\u00fd do ned\u011ble zaj\u00edt na prohl\u00eddku expozice \u010desk\u00e9ho v\u00fdtvarnictv\u00ed z\u00a0N\u00e1rodn\u00ed galerie v\u00a0Praze, o v\u00edkendech v obdob\u00ed od listopadu do konce b\u0159ezna si m\u016f\u017eete prohl\u00e9dnout i z\u00e1meck\u00e9 komnaty. Prohl\u00eddky v\u017edy pouze jednoho vybran\u00e9ho okruhu jsou v\u00a011 a 13 hodin, ale lze se objednat i mimo takto stanoven\u00e9 \u010dasy. Do konce listopadu potrv\u00e1 v\u00fdstava obraz\u016f Jakuba \u0160pa\u0148hela. N\u00e1v\u0161t\u011bvn\u00edci se mohou tak\u00e9 t\u011b\u0161it na prosincov\u00e9 akce a v\u00fdstavy a nechat se vn\u00e9st do atmosf\u00e9ry V\u00e1noc ji\u017e od za\u010d\u00e1tku prosince. O v\u00edkendu 10. a 11. prosince za\u017eijete p\u0159\u00edmo V\u00e1no\u010dn\u00ed \u010das na z\u00e1mku se spoustou atrakc\u00ed. V\u00edce o provozu z\u00e1mku a jeho otev\u00edrac\u00ed dob\u011b najdete v z\u00e1lo\u017ece Informace.<\/p>\n","protected":false},"excerpt":{"rendered":"<p>Hlavn\u00ed sezona z\u00e1mku sice skon\u010dila, ale z\u00e1meck\u00e9 komnaty m\u016f\u017eete nav\u0161t\u00edvit i mimo sezonu! Leto\u0161n\u00ed \u00fasp\u011b\u0161n\u00e1 z\u00e1meck\u00e1 sezona ji\u017e skon\u010dila, ale karvinsk\u00fd z\u00e1mek nesp\u00ed ani v\u00a0zim\u011b. Krom\u011b toho, \u017ee zde m\u016f\u017eete po cel\u00fd rok od \u00fater\u00fd do ned\u011ble zaj\u00edt na prohl\u00eddku expozice \u010desk\u00e9ho v\u00fdtvarnictv\u00ed z\u00a0N\u00e1rodn\u00ed galerie v\u00a0Praze, o v\u00edkendech v obdob\u00ed [&hellip;]<\/p>\n","protected":false},"author":2,"featured_media":0,"comment_status":"closed","ping_status":"closed","sticky":false,"template":"","format":"standard","meta":{"footnotes":""},"categories":[4],"tags":[],"class_list":["post-512","post","type-post","status-publish","format-standard","hentry","category-novinky"],"_links":{"self":[{"href":"https:\/\/www.zamek-frystat.cz\/index.php\/wp-json\/wp\/v2\/posts\/512","targetHints":{"allow":["GET"]}}],"collection":[{"href":"https:\/\/www.zamek-frystat.cz\/index.php\/wp-json\/wp\/v2\/posts"}],"about":[{"href":"https:\/\/www.zamek-frystat.cz\/index.php\/wp-json\/wp\/v2\/types\/post"}],"author":[{"embeddable":true,"href":"https:\/\/www.zamek-frystat.cz\/index.php\/wp-json\/wp\/v2\/users\/2"}],"replies":[{"embeddable":true,"href":"https:\/\/www.zamek-frystat.cz\/index.php\/wp-json\/wp\/v2\/comments?post=512"}],"version-history":[{"count":2,"href":"https:\/\/www.zamek-frystat.cz\/index.php\/wp-json\/wp\/v2\/posts\/512\/revisions"}],"predecessor-version":[{"id":644,"href":"https:\/\/www.zamek-frystat.cz\/index.php\/wp-json\/wp\/v2\/posts\/512\/revisions\/644"}],"wp:attachment":[{"href":"https:\/\/www.zamek-frystat.cz\/index.php\/wp-json\/wp\/v2\/media?parent=512"}],"wp:term":[{"taxonomy":"category","embeddable":true,"href":"https:\/\/www.zamek-frystat.cz\/index.php\/wp-json\/wp\/v2\/categories?post=512"},{"taxonomy":"post_tag","embeddable":true,"href":"https:\/\/www.zamek-frystat.cz\/index.php\/wp-json\/wp\/v2\/tags?post=512"}],"curies":[{"name":"wp","href":"https:\/\/api.w.org\/{rel}","templated":true}]}}